{"id":1422,"date":"2019-08-18T12:07:55","date_gmt":"2019-08-18T12:07:55","guid":{"rendered":"http:\/\/www.cientificos.pe\/?p=1422"},"modified":"2020-04-09T08:31:16","modified_gmt":"2020-04-09T08:31:16","slug":"felipe-yon-es-en-verdad-el-planeta-lo-que-queremos-salvar-o-es-salvar-al-humano-y-sus-estandares-de-vida","status":"publish","type":"post","link":"https:\/\/www.cientificos.pe\/?p=1422","title":{"rendered":"Felipe Yon: &#8220;Es en verdad el planeta lo que queremos salvar o es salvar al humano y sus est\u00e1ndares de vida&#8221;"},"content":{"rendered":"<p style=\"text-align: justify;\">Felipe Yon, bi\u00f3logo de la Universidad Peruana Cayetano Heredia se desarrolla, en la actualidad, como cient\u00edfico del prestigioso Instituto Max Planck de Alemania.<\/p>\n<p style=\"text-align: justify;\"><strong>\u00bfEn qu\u00e9 colegio realizaste los estudios de primaria y secundaria?\u00bfC\u00f3mo fue la formaci\u00f3n en ciencias que recibiste en tu colegio?<\/strong><\/p>\n<p style=\"text-align: justify;\">Los estudios de primaria y secundaria fueron en el colegio SS.CC. Recoleta en Lima, que si bien cuando estudi\u00e9 tuvo una buena base te\u00f3rica en ciencias, pero como en muchos sitios la parte pr\u00e1ctica, que atraer\u00eda m\u00e1s la atenci\u00f3n de los ni\u00f1os, faltaba por desarrollar m\u00e1s. Cuesti\u00f3n de mejor infraestructura y materiales, elementos que dir\u00eda s\u00f3lo se acumulan con el tiempo e inversi\u00f3n a largo plazo.<\/p>\n<p style=\"text-align: justify;\"><strong>\u00bfQu\u00e9 carrera estudiaste en pre-grado y en qu\u00e9 universidad? \u00bfC\u00f3mo crees que naci\u00f3 tu vocaci\u00f3n cient\u00edfica?<\/strong><\/p>\n<p style=\"text-align: justify;\">La carrera de biolog\u00eda en la universidad Cayetano Heredia. Una vocaci\u00f3n que naci\u00f3 de estar rodeado de mucho jard\u00edn, plantas y animales, e inspirado por padres microbi\u00f3logos.<\/p>\n<p style=\"text-align: justify;\"><strong>\u00bfQu\u00e9 estudios de post-grado haz realizado?<\/strong><\/p>\n<p><img loading=\"lazy\" class=\"alignright size-full\" src=\"https:\/\/www.ice.mpg.de\/ext\/fileadmin\/_processed_\/csm_logo_en_eb2befc1db.png\" width=\"307\" height=\"58\"><\/p>\n<p style=\"text-align: justify;\">Tras la licenciatura y trabajar un tiempo en el \u00e1rea de ecolog\u00eda, fui directo al doctorado en el&nbsp;Departamento de Ecolog\u00eda Molecular del <a href=\"https:\/\/www.ice.mpg.de\/ext\/index.php?id=home0\" target=\"_blank\" rel=\"noopener noreferrer\">Instituto Max Planck de Qu\u00edmica Ecol\u00f3gica<\/a>. Este Instituto est\u00e1 asociado con la Universidad Friedrich-Schiller de Jena, Alemania.<\/p>\n<figure id=\"attachment_1424\" aria-describedby=\"caption-attachment-1424\" style=\"width: 185px\" class=\"wp-caption alignleft\"><img loading=\"lazy\" class=\"wp-image-1424\" src=\"http:\/\/www.cientificos.pe\/wp-content\/uploads\/2017\/05\/FelipeYon-foto02.jpg\" alt=\"\" width=\"185\" height=\"330\" srcset=\"https:\/\/www.cientificos.pe\/wp-content\/uploads\/2017\/05\/FelipeYon-foto02.jpg 337w, https:\/\/www.cientificos.pe\/wp-content\/uploads\/2017\/05\/FelipeYon-foto02-169x300.jpg 169w, https:\/\/www.cientificos.pe\/wp-content\/uploads\/2017\/05\/FelipeYon-foto02-236x420.jpg 236w\" sizes=\"(max-width: 185px) 100vw, 185px\" \/><figcaption id=\"caption-attachment-1424\" class=\"wp-caption-text\">Revisando ra\u00edces de tabaco salvaje, Nicotiana attenuata, en busca de da\u00f1os por herb\u00edvoros en ra\u00edz y da\u00f1os por hongos<\/figcaption><\/figure>\n<p style=\"text-align: justify;\"><strong>Para realizar los estudios de postgrado \u00bfconseguiste alguna beca?<\/strong><\/p>\n<p style=\"text-align: justify;\">Los estudios de doctorado en el Max Planck suelen contar con un estipendio o contrato dado por la instituci\u00f3n, a los cuales se aplica v\u00eda la p\u00e1gina web de los diversos reclutamientos anuales de cada instituto en particular.<\/p>\n<p style=\"text-align: justify;\"><strong>\u00bfD\u00f3nde te encuentras investigando actualmente?<\/strong> <strong>\u00bfPodr\u00edas explicarnos la investigaci\u00f3n que haces?<\/strong><\/p>\n<p style=\"text-align: justify;\">He continuado en el mismo instituto, ahora como post-doc, mas cambiando un tanto el tema de investigaci\u00f3n, del estudio del reloj interno de plantas a la interacci\u00f3n y comportamiento ecol\u00f3gico de polillas polinizadoras con ecotipos de una especie de tabaco salvaje.<\/p>\n<figure id=\"attachment_1425\" aria-describedby=\"caption-attachment-1425\" style=\"width: 301px\" class=\"wp-caption alignright\"><img loading=\"lazy\" class=\"wp-image-1425\" src=\"http:\/\/www.cientificos.pe\/wp-content\/uploads\/2017\/05\/FelipeYon-foto01.jpg\" alt=\"\" width=\"301\" height=\"251\" srcset=\"https:\/\/www.cientificos.pe\/wp-content\/uploads\/2017\/05\/FelipeYon-foto01.jpg 540w, https:\/\/www.cientificos.pe\/wp-content\/uploads\/2017\/05\/FelipeYon-foto01-300x250.jpg 300w, https:\/\/www.cientificos.pe\/wp-content\/uploads\/2017\/05\/FelipeYon-foto01-504x420.jpg 504w\" sizes=\"(max-width: 301px) 100vw, 301px\" \/><figcaption id=\"caption-attachment-1425\" class=\"wp-caption-text\">Larva en cuarto estadio de Manduca quimquemaculata, polinizador y herb\u00edvoro de tabaco salvaje y otras solanaceas<\/figcaption><\/figure>\n<p style=\"text-align: justify;\">Para resumirlo, la especie de tabaco salvaje, <em>Nicotiana attenuata<\/em>, es una especie que habita en los desiertos del sureste de Estados Unidos. Es una planta anual de vida corta, que germina con las lluvias de primavera particularmente en zonas donde hubo previos incendios. Sus flores se pueden autopolinizar, pero el intercambio de genes siempre es mejor, para ello depende de ciertos insectos como la polilla nocturna <em>Manduca sexta<\/em>, la cual a la vez que poliniza deja huevos cuya larva se alimenta de la planta. Algunas flores adaptan sus rasgos florales m\u00e1s a depender de la polilla, por ende tienen una corola m\u00e1s amplia y emiten un olor dulce m\u00e1s intenso durante la noche. Actualmente estudio el comportamiento de esta polilla con las flores del tabaco salvaje, as\u00ed como la variaci\u00f3n de esta interacci\u00f3n con variedades ecol\u00f3gicas de diferentes ubicaciones.<\/p>\n<p style=\"text-align: justify;\"><strong>\u00bfC\u00f3mo ves la ciencia en el Per\u00fa?<\/strong><\/p>\n<p style=\"text-align: justify;\">La ciencia en el Per\u00fa la veo con insuficiente presupuesto y voluntad pol\u00edtica, parte debido a la miop\u00eda de buscar resultados r\u00e1pidos y no de invertir para el largo plazo, problema que caracteriza la idiosincracia de nuestro pa\u00eds de vivir solamente el presente y futuro inmediato. Por ende hay demasiadas \u00e1reas cient\u00edficas por enumerar que necesitan ser explotadas en nuestro pa\u00eds, siendo ciencia b\u00e1sica en general esencial para el progreso.<\/p>\n<p style=\"text-align: justify;\"><strong>\u00bfQu\u00e9 les recomiendas a los estudiantes que est\u00e1n por escoger una carrera y a los que est\u00e1n ya estudiando ciencias?<\/strong><\/p>\n<p style=\"text-align: justify;\">A los que estan por escoger carrera, que lo hagan por vocaci\u00f3n e inter\u00e9s y no por cuestiones de estatus social, moda o prestigio; porque todo eso pasa con el tiempo pero quien trabaje con pasi\u00f3n en su \u00e1rea cosecha frutos de satisfacci\u00f3n personal muy grandes. Y si ya est\u00e1n estudiando ciencias, bueno que prueben de todo un poco a lo largo de varias \u00e1reas de investigaci\u00f3n, uno nunca sabe cuantas \u00e1reas te pueden parecer interesantes y que se puedan combinar.<\/p>\n<p><strong>\u00bfCiencia por investigaci\u00f3n o por dinero?<\/strong><\/p>\n<p style=\"text-align: justify;\">Es una pregunta que se presenta siempre, de comienzo a fin a lo largo de la vida. La pregunta es que da m\u00e1s satisfacci\u00f3n y permite vivir m\u00e1s intensamente. Si tu carrera de ciencia es s\u00f3lo un medio para conseguir acceso a recursos para vivir m\u00e1s intensamente otros aspectos, entonces el camino podr\u00eda ser ir por el dinero en una compa\u00f1ia con horario y paga regular, de modo que se cuente con el tiempo para las actividades que de verdad te interesan. Pero si el resolver los acertijos cient\u00edficos es lo que vives con pasi\u00f3n e intensidad, entonces sugerir\u00eda ir por investigaci\u00f3n en academia o si se tiene suerte en la secci\u00f3n de I+D de una compa\u00f1\u00eda. Aqu\u00ed quiz\u00e1s los contratos no sean permanentes, la paga no sea tan alta y los horarios sean inusuales, pero podr\u00edas encontrar la satisfacci\u00f3n reconfortante como el momento \u201ceureka\u201d atribu\u00eddo a Arqu\u00edmedes.<\/p>\n<p><strong>\u00bfEcolog\u00eda, entender la naturaleza para qui\u00e9n?<\/strong><\/p>\n<p style=\"text-align: justify;\">Una idea que siempre sale a relucir dado los efectos de cambio clim\u00e1tico as\u00ed como de alertas de hambrunas, entre otros&#8230; es el tema de salvar el planeta, pero es en verdad el planeta lo que queremos salvar o es salvar al humano y sus est\u00e1ndares de vida?<\/p>\n<p style=\"text-align: justify;\">Descifrar y entender como funciona la naturaleza de nuestro planeta, nos puede llevar a salvar al planeta que por defecto tambi\u00e9n salvar\u00eda al humano, pero esto es s\u00f3lo posible bajo pr\u00e1cticas de vida conmesurada y respetuosas para con todo los seres vivos. Porque si salvar un recurso natural es s\u00f3lo para proveer a las poblaciones humanas de sustento y asegurar la supervivencia del humano, entonces no estamos salvando al planeta, sino s\u00f3lo us\u00e1ndolo. Quiz\u00e1s un d\u00eda si estemos interesados en salvar al planeta, salvar su biodiversidad, salvar su complejo funcionamiento, y v\u00eda estudios ecol\u00f3gicos sea posible llegar a ello. No sea como los manejos forestales tan anti-naturales que se hacen, de no dejar quemarse parches de bosque y luego acabar con gigantescos incendios forestales; de sembrar especies en mon\u00f3tonas filas sin considerar si la composici\u00f3n nativa de especies es la misma, etc.<\/p>\n<p style=\"text-align: justify;\">Hay mucha razones para ser optimista, pero es necesario que haya buena educaci\u00f3n sobre la importancia de la naturaleza, sobre \u00e9tica y sobre el sentido m\u00e1s raro: \u00a1el com\u00fan! para que con ello se puedan escoger l\u00edderes que escojan salvar al planeta y no s\u00f3lo as\u00edmismos y a los humanos que los sirvan.<\/p>\n<p><strong>\u00bfCultivas o haz cultivado alg\u00fan pasatiempo?<\/strong><\/p>\n<figure id=\"attachment_1423\" aria-describedby=\"caption-attachment-1423\" style=\"width: 366px\" class=\"wp-caption alignright\"><img loading=\"lazy\" class=\"wp-image-1423 size-full\" src=\"http:\/\/www.cientificos.pe\/wp-content\/uploads\/2017\/05\/FelipeYon-foto03.jpg\" alt=\"\" width=\"366\" height=\"400\" srcset=\"https:\/\/www.cientificos.pe\/wp-content\/uploads\/2017\/05\/FelipeYon-foto03.jpg 366w, https:\/\/www.cientificos.pe\/wp-content\/uploads\/2017\/05\/FelipeYon-foto03-275x300.jpg 275w\" sizes=\"(max-width: 366px) 100vw, 366px\" \/><figcaption id=\"caption-attachment-1423\" class=\"wp-caption-text\">Explorando las colinas y ca\u00f1ones en el \u201cDesierto de la Gran Cuenca\u201d en Utah<\/figcaption><\/figure>\n<p style=\"text-align: justify;\">Un libro y un deporte siempre van de la mano. Sea que les guste leer o escuchar audio-libros, lo que venga mejor, pero siempre tener algo nuevo que leer y que muchas veces llena de inspiraci\u00f3n. Y un deporte que los haga moverse, concentrarse y\/o relajarse siempre va bien, a mi caso ciclismo y cuando se puede nadar y escalar, deportes de temporada si se podr\u00edan llamar.<\/p>\n<p><strong>\u00bfAlg\u00fan Comentario final?<\/strong><\/p>\n<p style=\"text-align: justify;\">Si estas leyendo esto, es porque alg\u00fan inter\u00e9s en ciencia has de tener; ve a donde hagan investigaci\u00f3n: pregunta, solicita y practica, que en ciencia siempre se require de m\u00e1s gente y ayuda. Sea que lo hagas por la pasi\u00f3n de ello o requieras de paga, siempre hay multiples oportunidaes a conseguir, y muchos cient\u00edficos que gustosamente dar\u00e1n un s\u00ed de recibir apoyo en muchas de las tareas b\u00e1sicas que se necesitan y que siempre andan cortos de tiempo o gente.<\/p>\n","protected":false},"excerpt":{"rendered":"<p>Felipe Yon, bi\u00f3logo de la Universidad Peruana Cayetano Heredia se desarrolla, en la actualidad, como cient\u00edfico del prestigioso Instituto Max Planck de Alemania. \u00bfEn qu\u00e9 colegio realizaste los estudios de primaria y secundaria?\u00bfC\u00f3mo fue la formaci\u00f3n en ciencias que recibiste en tu colegio? Los estudios de primaria y secundaria fueron en el colegio SS.CC. Recoleta [&hellip;]<\/p>\n","protected":false},"author":11,"featured_media":1428,"comment_status":"open","ping_status":"open","sticky":false,"template":"","format":"standard","meta":[],"categories":[19,57,126],"tags":[111,110,114,113,112],"_links":{"self":[{"href":"https:\/\/www.cientificos.pe\/index.php?rest_route=\/wp\/v2\/posts\/1422"}],"collection":[{"href":"https:\/\/www.cientificos.pe\/index.php?rest_route=\/wp\/v2\/posts"}],"about":[{"href":"https:\/\/www.cientificos.pe\/index.php?rest_route=\/wp\/v2\/types\/post"}],"author":[{"embeddable":true,"href":"https:\/\/www.cientificos.pe\/index.php?rest_route=\/wp\/v2\/users\/11"}],"replies":[{"embeddable":true,"href":"https:\/\/www.cientificos.pe\/index.php?rest_route=%2Fwp%2Fv2%2Fcomments&post=1422"}],"version-history":[{"count":6,"href":"https:\/\/www.cientificos.pe\/index.php?rest_route=\/wp\/v2\/posts\/1422\/revisions"}],"predecessor-version":[{"id":3904,"href":"https:\/\/www.cientificos.pe\/index.php?rest_route=\/wp\/v2\/posts\/1422\/revisions\/3904"}],"wp:featuredmedia":[{"embeddable":true,"href":"https:\/\/www.cientificos.pe\/index.php?rest_route=\/wp\/v2\/media\/1428"}],"wp:attachment":[{"href":"https:\/\/www.cientificos.pe\/index.php?rest_route=%2Fwp%2Fv2%2Fmedia&parent=1422"}],"wp:term":[{"taxonomy":"category","embeddable":true,"href":"https:\/\/www.cientificos.pe\/index.php?rest_route=%2Fwp%2Fv2%2Fcategories&post=1422"},{"taxonomy":"post_tag","embeddable":true,"href":"https:\/\/www.cientificos.pe\/index.php?rest_route=%2Fwp%2Fv2%2Ftags&post=1422"}],"curies":[{"name":"wp","href":"https:\/\/api.w.org\/{rel}","templated":true}]}}