{"id":1452,"date":"2018-05-21T16:48:27","date_gmt":"2018-05-21T16:48:27","guid":{"rendered":"http:\/\/www.cientificos.pe\/?p=1452"},"modified":"2019-08-19T18:54:04","modified_gmt":"2019-08-19T18:54:04","slug":"busquen-lo-que-les-haga-sentirse-felices-y-utiles-aunque-eso-represente-un-cambio-importante-en-sus-vidas","status":"publish","type":"post","link":"https:\/\/www.cientificos.pe\/?p=1452","title":{"rendered":"&#8220;Busquen lo que les haga sentirse felices y \u00fatiles, aunque eso represente un cambio importante en sus vidas&#8221;"},"content":{"rendered":"<p style=\"text-align: justify;\">Robert, a salir del colegio dej\u00f3 su Huamanga natal para iniciar su camino cient\u00edfico en La habana, Cuba en donde se gradu\u00f3 como microbi\u00f3logo. Hoy varios a\u00f1os deapu\u00e9s, ya ha recorrido varios pa\u00edses para seguir su formaci\u00f3n. Actualmente es investigador post-doctoral en una universidad belga. Te invitamos a conocer a\u00a0Robert Alvin Bernedo Navarro, Ph.D.<\/p>\n<p style=\"text-align: justify;\"><strong>\u00bfPodr\u00edas explicarnos la investigaci\u00f3n que haces actualmente?<\/strong><\/p>\n<p style=\"text-align: justify;\">Existe un grupo de bacterias que producen potentes toxinas llamadas verotoxinas o toxinas de Shiga. Estas toxinas pueden ser producidas, entre otras especies, por una bacteria llamada <em>Escherichia coli <\/em>y la infecci\u00f3n por estas bacterias est\u00e1 asociada a diferentes manifestaciones cl\u00ednicas, desde diarreas acuosas y sanguinolentas, hasta cuadros cl\u00ednicos m\u00e1s severos que incluyen alteraciones al sistema nervioso, insuficiencia renal severa y la muerte\u00a0 de algunos pacientes. Los grupos de riesgo t\u00edpicamente m\u00e1s vulnerables son los ni\u00f1os y los ancianos, sin embargo los \u00faltimos brotes ocurridos en Europa el a\u00f1o 2011 y en Estados Unidos en Marzo de este a\u00f1o afectaron mayoritariamente a adultos y j\u00f3venes menores de 18 a\u00f1os.<\/p>\n<p style=\"text-align: justify;\">El objetivo de mi proyecto de investigaci\u00f3n es la identificaci\u00f3n y caracterizaci\u00f3n, a trav\u00e9s de t\u00e9cnicas de biolog\u00eda molecular, de mol\u00e9culas (prote\u00ednas o p\u00e9ptidos) que sean capaces de \u201creconocer\u201d espec\u00edficamente a esas toxinas y tambi\u00e9n neutralizar su actividad t\u00f3xica, para que en un futuro pudieran constituir alternativas terap\u00e9uticas para los pacientes afectados.<\/p>\n<p style=\"text-align: justify;\">Actualmente mi investigaci\u00f3n se centra en el uso de un tipo especial de anticuerpos\u00a0 producidos naturalmente por cam\u00e9lidos, en mi caso utilizamos alpacas, denominados anticuerpos de cadena \u00fanica o \u201cNanobodies\u201d, los cuales pueden ser modificados a trav\u00e9s de t\u00e9cnicas de ingenier\u00eda gen\u00e9tica para el desarrollo de una enorme cantidad de aplicaciones m\u00e9dicas y biotecnol\u00f3gicas en general.<\/p>\n<p style=\"text-align: justify;\">Considero que la importancia de mi investigaci\u00f3n radica en que es una b\u00fasqueda de alternativas terap\u00e9uticas para pacientes que pueden manifestar graves secuelas cl\u00ednicas en un per\u00edodo relativamente corto, en ciertos casos entre una y dos semanas a partir de la ingesti\u00f3n de esas bacterias a trav\u00e9s de alimentos o agua contaminados principalmente. En este sentido, cualquier tipo de investigaci\u00f3n que contribuya directamente a encontrar alternativas terap\u00e9uticas para los pacientes afectados siempre tendr\u00e1 utilidad p\u00fablica.<\/p>\n<p style=\"text-align: justify;\"><strong>\u00bfD\u00f3nde te encuentras investigando?<br \/>\n<\/strong><\/p>\n<p style=\"text-align: justify;\">Actualmente estoy investigando en el Laboratorio de Immunologia Celular y Molecular de la Vrije Universiteit Brussel (VUB) en Bruselas, B\u00e9lgica. Sin embargo, una vez terminada mi estancia en B\u00e9lgica me reincorporar\u00e9 como post-doc al Departamento de Gen\u00e9tica, Evoluci\u00f3n y Bioagentes del Instituto de Biolog\u00eda de la Universidade Estadual de Campinas (UNICAMP), S\u00e3o Paulo, Brasil.<\/p>\n<figure id=\"attachment_1453\" aria-describedby=\"caption-attachment-1453\" style=\"width: 485px\" class=\"wp-caption alignright\"><img loading=\"lazy\" class=\"wp-image-1453 size-full\" src=\"http:\/\/www.cientificos.pe\/wp-content\/uploads\/2017\/05\/RobBernedo-Plaza-de-armas-de-Huamanga-Ayacucho.jpg\" alt=\"\" width=\"485\" height=\"412\" srcset=\"https:\/\/www.cientificos.pe\/wp-content\/uploads\/2017\/05\/RobBernedo-Plaza-de-armas-de-Huamanga-Ayacucho.jpg 485w, https:\/\/www.cientificos.pe\/wp-content\/uploads\/2017\/05\/RobBernedo-Plaza-de-armas-de-Huamanga-Ayacucho-300x255.jpg 300w\" sizes=\"(max-width: 485px) 100vw, 485px\" \/><figcaption id=\"caption-attachment-1453\" class=\"wp-caption-text\">Plaza de armas de Huamanga-Ayacucho<\/figcaption><\/figure>\n<p style=\"text-align: justify;\"><strong>\u00bfEn qu\u00e9 colegio realizaste los estudios de primaria y secundaria?<\/strong><\/p>\n<p style=\"text-align: justify;\">Realic\u00e9 los estudios primarios y secundarios en instituciones p\u00fablicas de la ciudad de Huamanga, en el departamento de Ayacucho. Estudi\u00e9 la primaria en el Colegio Estatal \u201cLuiz Carranza\u201d, mientras que la secundaria la realic\u00e9 en la Gran Unidad Escolar \u201cMariscal C\u00e1ceres\u201d.<\/p>\n<p style=\"text-align: justify;\">Al igual que la mayor\u00eda de estudiantes del Per\u00fa tuve una educaci\u00f3n m\u00e1s centrada en la imposici\u00f3n de un modelo educativo que a\u00fan confunde el temor a los profesores con la responsabilidad y que se preocupa m\u00e1s en ense\u00f1ar preceptos conservadores que ciencia. Las carencias que tuvo mi educaci\u00f3n se resumen a una formaci\u00f3n basada en la ense\u00f1anza vertical de los contenidos y el aprendizaje pasivo, pues hab\u00eda que estudiar muchos contenidos sin tener tiempo de discutirlos adecuadamente. Por lo tanto, en mi modesta opini\u00f3n, las etiquetas de buen o mal alumno son realmente discutibles, ya que nunca sabremos si cada uno de nosotros pudo haber destacado m\u00e1s si las condiciones educativas hubieran sido m\u00e1s flexibles y estimulantes.<\/p>\n<p style=\"text-align: justify;\">Sin embargo, a pesar de las innumerables deficiencias de nuestro sistema educativo tuve la oportunidad de aprender con algunos buenos profesores, a los cu\u00e1les les agradezco profundamente su empe\u00f1o, paciencia y dedicaci\u00f3n.<\/p>\n<p style=\"text-align: justify;\"><strong>\u00bfQu\u00e9 carrera estudiaste en pre-grado y en qu\u00e9 universidad?<\/strong><strong> \u00bfC\u00f3mo crees que naci\u00f3 tu vocaci\u00f3n cient\u00edfica?<br \/>\n<\/strong><\/p>\n<p>Estudi\u00e9 la carrera de Microbiolog\u00eda en la Universidad de La Habana (UH), en Cuba.<\/p>\n<p style=\"text-align: justify;\">Mi inter\u00e9s en asuntos relacionados con la ciencia naci\u00f3 como nacen las cosas en los ni\u00f1os, espont\u00e1neamente, por simple curiosidad y sin prop\u00f3sito espec\u00edfico. Sin embargo estudiar Microbiolog\u00eda en la UH me brind\u00f3 la oportunidad de estar en contacto con profesores y amigos de facultad con elevado sentido cr\u00edtico, \u00e9tico y cient\u00edfico, lo cual fue gratificante y aliment\u00f3 mi inter\u00e9s en temas cient\u00edficos.<\/p>\n<p style=\"text-align: justify;\"><strong>\u00bfQu\u00e9 estudios de post-grado has realizado? <\/strong><\/p>\n<p style=\"text-align: justify;\">Realic\u00e9 la Maestr\u00eda en Bacteriolog\u00eda-Micolog\u00eda en el Instituto de Medicina Tropical \u201cPedro Kour\u00ed\u201d (IPK) en la ciudad de La Habana &#8211; Cuba.<\/p>\n<p style=\"text-align: justify;\">Posteriormente me traslad\u00e9 a Brasil para realizar mis estudios de Doctorado en el programa de Biolog\u00eda Funcional y Molecular del Instituto de Biolog\u00eda de la UNICAMP.<\/p>\n<p style=\"text-align: justify;\">Hace aproximadamente dos a\u00f1os me desempe\u00f1o como investigador post-doctoral en el Laboratorio de Factores de Virulencia de Bacterias del Instituto de Biolog\u00eda de la UNICAMP y actualmente estoy en la etapa final de mi estancia post-doctoral en el Laboratorio de Imunolog\u00eda Celular y Molecular de la Vrije Universiteit Brussel en Bruselas-B\u00e9lgica.<\/p>\n<p style=\"text-align: justify;\"><strong>Para realizar los estudios de postgrado \u00bfconseguiste alguna beca? \u00bfc\u00f3mo la conseguiste?<br \/>\n<\/strong><\/p>\n<p style=\"text-align: justify;\">La maestr\u00eda en el IPK la realic\u00e9 gracias a una beca que solidariamente me concedi\u00f3 el propio instituto al terminar la facultad.<\/p>\n<p style=\"text-align: justify;\">En el caso del doctorado en Brasil, apliqu\u00e9 para una beca de la \u201cFunda\u00e7\u00e3o de Amparo \u00e0 Pesquisa do Estado de S\u00e3o Paulo<em>\u201d (FAPESP)<\/em>. Esta instituci\u00f3n financia proyectos de investigaci\u00f3n en todos los niveles acad\u00e9micos, con la \u00fanica condici\u00f3n de que sean llevados a cabo en instituciones del Estado de S\u00e3o Paulo (<a href=\"http:\/\/www.fapesp.br\">www.fapesp.br<\/a>).<\/p>\n<p style=\"text-align: justify;\">Del mismo modo, mi estancia en B\u00e9lgica est\u00e1 siendo cubierta por una beca de la FAPESP destinada a la realizaci\u00f3n de actividades de investigaci\u00f3n fuera de Brasil.<\/p>\n<p style=\"text-align: justify;\"><strong>\u00bfTuviste oportunidad de realizar investigaci\u00f3n antes de ingresar al postgrado?<br \/>\n<\/strong><\/p>\n<p style=\"text-align: justify;\">La experiencia de investigaci\u00f3n que tuve antes del post-grado se resume b\u00e1sicamente a la preparaci\u00f3n de la tesis para graduarme como microbi\u00f3logo en la UH<\/p>\n<p style=\"text-align: justify;\"><strong>\u00bfC\u00f3mo ves la ciencia en el Per\u00fa?\u00bfcu\u00e1l crees que son los principales problemas?\u00bfQu\u00e9 \u00e1rea(s) cient\u00edfica(s) crees t\u00fa que el Per\u00fa tiene un gran potencial por explotar?<\/strong><\/p>\n<p style=\"text-align: justify;\">Considero que el escenario de la ciencia en el Per\u00fa es complejo.<\/p>\n<p style=\"text-align: justify;\">He observado que en los \u00faltimos a\u00f1os est\u00e1n destin\u00e1ndose mayores recursos econ\u00f3micos a la promoci\u00f3n de la investigaci\u00f3n en nuestro pa\u00eds, tanto para la creaci\u00f3n de infraestructura como para la formaci\u00f3n de profesionales en instituciones locales y del exterior. Tambi\u00e9n veo con optimismo una nueva generaci\u00f3n de j\u00f3venes \u00e1vidos por convertirse en hombres de ciencia, lo cual renueva la esperanza de que algunas cosas pueden avanzar por mejores rumbos en alg\u00fan momento no tan lejano.<\/p>\n<p style=\"text-align: justify;\">No obstante, en mi opini\u00f3n, todav\u00eda estamos en la etapa de percepci\u00f3n de las dimensiones reales de nuestros problemas, estamos comenzando a entender la magnitud de los desaf\u00edos que debemos enfrentar para crear una sociedad basada en el conocimiento cient\u00edfico como pilar de desarrollo. Pienso que ser\u00eda iluso pensar que una mayor inversi\u00f3n econ\u00f3mica garantizar\u00e1 por s\u00ed sola una mejora perceptible en el corto plazo. Ser\u00e1 necesario realizar profundas reformas en la gesti\u00f3n de los recursos destinados a actividades cient\u00edficas y educativas en nuestro pa\u00eds, puesto que precisaremos crear condiciones socio-econ\u00f3micas y laborales dignas, para que la ciencia sea vista por las nuevas generaciones\u00a0 como una alternativa atractiva de desarrollo profesional y personal.<\/p>\n<p style=\"text-align: justify;\">Tambi\u00e9n, a pesar de que nuestro pa\u00eds cuenta con algunos centros de ense\u00f1anza de gran tradici\u00f3n hist\u00f3rica, la realidad nos ha mostrado que la mayor\u00eda de estas instituciones, con raras excepciones, no tienen producci\u00f3n cient\u00edfica relevante y carecen de competitividad en el \u00e1mbito cient\u00edfico internacional. Mientras seamos un pa\u00eds que ve a la ciencia con indiferencia y no garanticemos el acceso a la educaci\u00f3n laica de calidad para la poblaci\u00f3n, continuaremos alimentando un futuro de ignorancia e inequidad social. Es tiempo de abrir el debate sobre estos asuntos en todos los \u00e1mbitos, adem\u00e1s de comenzar a ejercer un mayor control sobre las instituciones mediocres que lucran con las aspiraciones de los j\u00f3venes estudiantes peruanos.<\/p>\n<p style=\"text-align: justify;\">En cuanto a las \u00e1reas en las cuales el Per\u00fa tendr\u00eda gran potencial, considero que nuestra valiosa herencia hist\u00f3rica, mega diversidad biol\u00f3gica y la gran cantidad de recursos naturales con los que cuenta nuestro pa\u00eds, crean un escenario favorable para la formaci\u00f3n de cient\u00edficos en la mayor\u00eda de las \u00e1reas del conocimiento, simplemente tendr\u00edamos que crear las condiciones para que eso fructifique, \u00a0ciertamente es una tarea dif\u00edcil pero posible a largo plazo.<\/p>\n<p style=\"text-align: justify;\">Espero que en alg\u00fan momento, en un futuro relativamente cercano, los peruanos destinados a cambiar este escenario tengan las condiciones y el pa\u00eds que merecen.<\/p>\n<p style=\"text-align: justify;\"><strong>\u00a0<\/strong><\/p>\n<p style=\"text-align: justify;\"><strong>\u00bfCultivas o haz cultivado alg\u00fan pasatiempo?<\/strong><\/p>\n<p style=\"text-align: justify;\">Soy aficionado a tocar la guitarra, al baloncesto con los amigos, viajar, fotografiar y escribir relatos cortos.<\/p>\n<figure id=\"attachment_1454\" aria-describedby=\"caption-attachment-1454\" style=\"width: 300px\" class=\"wp-caption aligncenter\"><img loading=\"lazy\" class=\"size-full wp-image-1454\" src=\"http:\/\/www.cientificos.pe\/wp-content\/uploads\/2017\/05\/RobertBernedo-Colca-Arequipa.jpg\" alt=\"\" width=\"300\" height=\"436\" srcset=\"https:\/\/www.cientificos.pe\/wp-content\/uploads\/2017\/05\/RobertBernedo-Colca-Arequipa.jpg 300w, https:\/\/www.cientificos.pe\/wp-content\/uploads\/2017\/05\/RobertBernedo-Colca-Arequipa-206x300.jpg 206w, https:\/\/www.cientificos.pe\/wp-content\/uploads\/2017\/05\/RobertBernedo-Colca-Arequipa-289x420.jpg 289w\" sizes=\"(max-width: 300px) 100vw, 300px\" \/><figcaption id=\"caption-attachment-1454\" class=\"wp-caption-text\">RobertBernedo-Colca- Arequipa<\/figcaption><\/figure>\n<p style=\"text-align: justify;\"><strong>\u00bfQu\u00e9 le recomiendas a los estudiantes que est\u00e1n por escoger una carrera y a los que est\u00e1n ya estudiando ciencias?<\/strong><\/p>\n<p style=\"text-align: justify;\">Principalmente que no se acobarden antes de enfrentarse a los desaf\u00edos. No le presten demasiada atenci\u00f3n a lo que com\u00fanmente se conoce como vocaci\u00f3n, los j\u00f3venes tienen la energ\u00eda y la capacidad suficiente para desarrollarse en cualquier \u00e1rea del conocimiento. Las personas no nacen predestinadas para determinadas actividades cient\u00edficas o laborales, adem\u00e1s, una parte de los desaf\u00edos en la vida se puede vencer con perseverancia, esfuerzo y una dosis saludable de autoestima. La autoestima es necesaria para enfrentar los desaf\u00edos con dignidad, con actitud valiente, respetuosa y sin sentir que valen menos que otras personas. Finalmente, no se conformen con vivir d\u00f3cilmente de la forma que les digan los dem\u00e1s, asuman riesgos constantemente, busquen lo que les haga sentirse felices y \u00fatiles, aunque eso represente un cambio importante en sus vidas.<\/p>\n<p style=\"text-align: justify;\"><strong>\u00a0<\/strong><\/p>\n<p style=\"text-align: justify;\"><strong>\u00bfAlg\u00fan Comentario final?<\/strong><\/p>\n<p style=\"text-align: justify;\">Quiero agradecer a todas las personas que me brindaron su amistad y apoyo en todos estos a\u00f1os y sin las cu\u00e1les nada de lo bueno que ha pasado en mi vida ser\u00eda posible. Tambi\u00e9n, agradezco la gentil invitaci\u00f3n del equipo de Cientificos.pe para realizar esta entrevista. Gracias a todos.<\/p>\n","protected":false},"excerpt":{"rendered":"<p>Robert, a salir del colegio dej\u00f3 su Huamanga natal para iniciar su camino cient\u00edfico en La habana, Cuba en donde se gradu\u00f3 como microbi\u00f3logo. Hoy varios a\u00f1os deapu\u00e9s, ya ha recorrido varios pa\u00edses para seguir su formaci\u00f3n. Actualmente es investigador post-doctoral en una universidad belga. Te invitamos a conocer a\u00a0Robert Alvin Bernedo Navarro, Ph.D. \u00bfPodr\u00edas [&hellip;]<\/p>\n","protected":false},"author":11,"featured_media":1540,"comment_status":"open","ping_status":"open","sticky":false,"template":"","format":"standard","meta":[],"categories":[19,57],"tags":[],"_links":{"self":[{"href":"https:\/\/www.cientificos.pe\/index.php?rest_route=\/wp\/v2\/posts\/1452"}],"collection":[{"href":"https:\/\/www.cientificos.pe\/index.php?rest_route=\/wp\/v2\/posts"}],"about":[{"href":"https:\/\/www.cientificos.pe\/index.php?rest_route=\/wp\/v2\/types\/post"}],"author":[{"embeddable":true,"href":"https:\/\/www.cientificos.pe\/index.php?rest_route=\/wp\/v2\/users\/11"}],"replies":[{"embeddable":true,"href":"https:\/\/www.cientificos.pe\/index.php?rest_route=%2Fwp%2Fv2%2Fcomments&post=1452"}],"version-history":[{"count":7,"href":"https:\/\/www.cientificos.pe\/index.php?rest_route=\/wp\/v2\/posts\/1452\/revisions"}],"predecessor-version":[{"id":3513,"href":"https:\/\/www.cientificos.pe\/index.php?rest_route=\/wp\/v2\/posts\/1452\/revisions\/3513"}],"wp:featuredmedia":[{"embeddable":true,"href":"https:\/\/www.cientificos.pe\/index.php?rest_route=\/wp\/v2\/media\/1540"}],"wp:attachment":[{"href":"https:\/\/www.cientificos.pe\/index.php?rest_route=%2Fwp%2Fv2%2Fmedia&parent=1452"}],"wp:term":[{"taxonomy":"category","embeddable":true,"href":"https:\/\/www.cientificos.pe\/index.php?rest_route=%2Fwp%2Fv2%2Fcategories&post=1452"},{"taxonomy":"post_tag","embeddable":true,"href":"https:\/\/www.cientificos.pe\/index.php?rest_route=%2Fwp%2Fv2%2Ftags&post=1452"}],"curies":[{"name":"wp","href":"https:\/\/api.w.org\/{rel}","templated":true}]}}