{"id":1705,"date":"2017-07-01T05:54:19","date_gmt":"2017-07-01T05:54:19","guid":{"rendered":"http:\/\/www.cientificos.pe\/?p=1705"},"modified":"2017-11-09T03:31:44","modified_gmt":"2017-11-09T03:31:44","slug":"entrevista-al-dr-carlos-tirado","status":"publish","type":"post","link":"https:\/\/www.cientificos.pe\/?p=1705","title":{"rendered":"Entrevista al &#8220;PI&#8221; del Circulo internacional de Estudios de Gen\u00e9tica: Dr. Carlos Tirado"},"content":{"rendered":"<p style=\"text-align: justify;\">Son muchos los peruanos que vienen destacando en diferentes laboratorios alrededor del mundo, producto del esfuerzo personal, dedicaci\u00f3n y disciplina. Uno de ellos es el doctor Carlos Tirado, a quien conocimos hace un a\u00f1o debido a que impulsa, desde la Universidad de Minnesota, la Jornada Internacional de Gen\u00e9tica y Biolog\u00eda Molecular en su natal Chiclayo. Este actividad busca trascender en los j\u00f3venes futuros genetistas, a trav\u00e9s de charlas y cursos brindados por especialistas. Conozcamos un poco m\u00e1s al Dr. Tirado a trav\u00e9s de la entrevista que gentilmente nos brind\u00f3 hace unos dias.<\/p>\n<blockquote class=\"td_pull_quote td_pull_right\">\n<p style=\"text-align: justify;\"><img loading=\"lazy\" class=\"alignnone size-medium wp-image-1707\" src=\"http:\/\/www.cientificos.pe\/wp-content\/uploads\/2017\/06\/CarlosTirado1-300x170.png\" alt=\"\" width=\"300\" height=\"170\" srcset=\"https:\/\/www.cientificos.pe\/wp-content\/uploads\/2017\/06\/CarlosTirado1-300x170.png 300w, https:\/\/www.cientificos.pe\/wp-content\/uploads\/2017\/06\/CarlosTirado1.png 592w\" sizes=\"(max-width: 300px) 100vw, 300px\" \/><\/p>\n<p style=\"text-align: justify;\"><span style=\"font-size: 12pt; color: #333399;\"><strong>El amor por la ciencia nace cuando Carlos A. Tirado estaba estudiando secundaria. El poder desarrollar trabajos de investigaci\u00f3n fue algo que lo apasion\u00f3 y es as\u00ed como postul\u00f3 a Biolog\u00eda.<\/strong><\/span><\/p>\n<\/blockquote>\n<p style=\"text-align: justify;\"><b>Por el principio, <strong>\u00bf<\/strong>qui\u00e9n\u00a0<\/b><strong>es Carlos Tirado?<\/strong><\/p>\n<p style=\"text-align: justify;\">Carlos A. Tirado, Ph.D. naci\u00f3 en la ciudad de Chiclayo y estudi\u00f3 el B.Sc. con menci\u00f3n en Biolog\u00eda en la Universidad Nacional Pedro Ruiz Gallo (UNPRG) de Lambayeque. Al finalizar los estudios de Bachillerato empez\u00f3\u00a0 a trabajar como Jefe de Pr\u00e1cticas en la asignatura de Gen\u00e9tica, en la misma universidad, para estudiantes de Biolog\u00eda, Medicina Veterinaria, Educaci\u00f3n, Zootecnia y Medicina Humana. En 1991 gan\u00f3 una Beca de la Comisi\u00f3n Fulbright para realizar un M.Sc. en Human Genetics en en la Universidad statal de Arizona. Cuadno estaba cursando el m\u00e1ster, su asesor, el Dr. John F. Stone le sugiri\u00f3 que continuara con el doctorado y es as\u00ed como lo hace. Al obtener el grado de Ph. D. regresa a Per\u00fa a trabajar como Profesor Asociado en el Departamento de Biolog\u00eda de la Universidad Peruana Cayetano Heredia (UPCH). Inaugur\u00f3 el curso de Gen\u00e9tica para Biolog\u00eda que, por aquella \u00e9poca, no se dictaba en la carrera de Biolog\u00eda de la UPCH.<\/p>\n<p style=\"text-align: justify;\">Despu\u00e9s de trabajar dos a\u00f1os en Cayetano Heredia parti\u00f3 hacia la Universidad de Pennsylvania para realizar una estancia post doctoral y especializarse en el trabajo con el pez cebra (zebrafish). Luego continu\u00f3 con otras estancias post doctorales, una en Citogen\u00e9tica Oncol\u00f3gica en la Universidad de Columbia y otra en Citogen\u00e9tica de C\u00e1ncer de pr\u00f3stata en la Universidad de Toronto en Canad\u00e1. Al finalizar esta \u00faltima, realiz\u00f3 un fellowship en Gen\u00e9tica Cl\u00ednica en la Universidad de Duke y en el 2007 consigui\u00f3 la certificaci\u00f3n del American Board of Medical Genetics en Gen\u00e9tica Cl\u00ednica y en Citogen\u00e9tica.<\/p>\n<p style=\"text-align: justify;\"><strong>Carlos, \u00bfComo conseguiste las becas de posgrado?<\/strong><\/p>\n<p style=\"text-align: justify;\">Fui\u00a0alumno de intercambio cuando estaba en secundaria. Viv\u00ed con una familia estadounidense por un a\u00f1o. Luego regres\u00e9 a terminar el 2do de secundaria. Perfeccion\u00e9 el ingl\u00e9s dictando clases en el Instituto Cultural Peruano Norteamericano, as\u00ed como a particulares. Cuando termin\u00e9 la carrera postul\u00e9 a una Beca de la Comisi\u00f3n Fulbright. <span style=\"text-decoration: underline;\">Y el 8 de Junio de 1991<\/span> estaba viajando para Arizona a empezar el M.Sc. En un inicio estuve trabajando con la Dra. Anna B. Hill pero ella dej\u00f3 Arizona State University (ASU) y tuve que buscar otro asesor.\u00a0 Tuve la gran suerte de encontrar al Dr. John F. Stone quien trabajaba en conjunto con el Dr. Avery Sandberg en el Southwest Biomedical Research Institute en Scottsdale, Arizona quienes me recibieron en su equipo de investigaci\u00f3n.<\/p>\n<p style=\"text-align: justify;\"><strong>\u00bfQu\u00e9 l\u00edneas de trabajo o investigaci\u00f3n existen en tu \u00e1rea?\u00a0<\/strong><\/p>\n<p style=\"text-align: justify;\">Mi laboratorio est\u00e1 enfocado a encontrar las regiones cromos\u00f3micas relacionadas con c\u00e1ncer de p\u00e1ncreas as\u00ed como los genes posibles en estos loci. Me interesa ver qu\u00e9 regiones presentan deleciones, amplificaciones y rearreglos cromos\u00f3micos que puedan albergar genes importantes en el diagn\u00f3stico y monitoreo de este c\u00e1ncer. Estamos usando citogen\u00e9tica convencional, FISH as\u00ed como CMA (chromosomal microarrays or microarreglos) y ahora estamos incursionando en NGS (next generation sequencing). As\u00ed mismo estoy trabajando en plasma cell myeloma, chronic lymphocytic leukemia (CLL) y otras malignidades hematol\u00f3gicas como leucemia linfobl\u00e1stica aguda (B-ALL) en ni\u00f1os.<\/p>\n<p style=\"text-align: justify;\"><strong>\u00bfQu\u00e9 limitaciones encontraste en el Per\u00fa, en la UNPRG en su momento?<\/strong><\/p>\n<p style=\"text-align: justify;\">La verdad que la investigaci\u00f3n en la Universidad Pedro Ruiz Gallo de Lambayeque est\u00e1 super incipiente. Pero siempre estuve investigando con la comisi\u00f3n Fulbright en c\u00f3mo y d\u00f3nde hacer mis estudios de postgrado.<\/p>\n<p style=\"text-align: justify;\"><strong>Cu\u00e9ntanos sobre tu\u00a0iniciativa, la jornada internacional de gen\u00e9tica que ya va por su 5ta versi\u00f3n.<br \/>\n<\/strong><\/p>\n<p style=\"text-align: justify;\"><img loading=\"lazy\" class=\" wp-image-1725 alignleft\" src=\"http:\/\/www.cientificos.pe\/wp-content\/uploads\/2017\/07\/jornada-genetica-204x300.jpg\" alt=\"\" width=\"388\" height=\"571\" srcset=\"https:\/\/www.cientificos.pe\/wp-content\/uploads\/2017\/07\/jornada-genetica-204x300.jpg 204w, https:\/\/www.cientificos.pe\/wp-content\/uploads\/2017\/07\/jornada-genetica-285x420.jpg 285w, https:\/\/www.cientificos.pe\/wp-content\/uploads\/2017\/07\/jornada-genetica.jpg 652w\" sizes=\"(max-width: 388px) 100vw, 388px\" \/><\/p>\n<p style=\"text-align: justify;\">La iniciativa de la Jornada nace del proyecto que tengo <strong>\u201cTHE INTERNATIONAL CIRCLE OF GENETIC STUDIES\u201d<\/strong> en donde soy el PI (Principal Investigator) y en conjunto con 16 cient\u00edficos estamos buscando nuevos l\u00edderes en Gen\u00e9tica. Pero el concepto de l\u00edder es un l\u00edder con valores humanos que quiera hacer Gen\u00e9tica. Pensamos que formar l\u00edderes es en la etapa de pregrado y de secundaria. Este proyecto por el momento agrupa a estudiantes de pregrado de las ciencias biom\u00e9dicas. Contamos con Cap\u00edtulos en Los \u00c1ngeles, Minneapolis, Pamplona y Lambayeque. Una de las tareas que tienen los estudiantes de EE.UU. es organizar una Jornada en un pa\u00eds diferente al suyo y con habla diferente. Es\u00a0 as\u00ed como se inicia la I, II jornada y ahora vamos por la V versi\u00f3n. El equipo de coordinaci\u00f3n de la Jornada invita a profesores e investigadores de Europa, EE.UU. y Per\u00fa para presentar sus trabajos en este evento. Los estudiantes de los dem\u00e1s cap\u00edtulos colaboran en la realizaci\u00f3n y difusi\u00f3n del evento. Va dirigida a profesionales de la salud, estudiantes y personas interesadas en el tema. Ha sido una buena iniciativa porque en ella trabajan los tres cap\u00edtulos en interacci\u00f3n con los asesores para hacer el programa y hacer que todo salga bien. De esta manera estamos midiendo liderazgo para ver c\u00f3mo pueden vencer el obst\u00e1culo de lengua y pa\u00eds. Escogimos por ahora a Lambayeque en Per\u00fa porque es una ciudad c\u00f3moda y tiene muchos atractivos tur\u00edsticos. Posteriormente hemos pensado expandirnos a otras ciudades latinoamericanas.<\/p>\n<p style=\"text-align: justify;\">El C\u00edrculo como proyecto tiene seis a\u00f1os y ha ayudado a muchos estudiantes. Por nombrarlos <strong>Paul \u00c1lvaro Delgado<\/strong> (UCLA) est\u00e1 haciendo un doctorado en Davis, CA. <strong>John Boles<\/strong> (UCLA) lo est\u00e1 haciendo en Roma, Italia. <strong>Massimiliano Marinoni<\/strong> (UCLA) est\u00e1 haciendo su doctorado en Mil\u00e1n, Italia. <strong>Diego Pigantaro<\/strong> (San Marcos, Per\u00fa) acaba de terminar su doctorado en Navarra. <strong>Stefany Infante<\/strong> (Pedro Ruiz Gallo, Per\u00fa) ha terminado su Maestr\u00eda en Biomedicina en la Universidad de Navarra. <strong>Peter Lee<\/strong> (UCLA), <strong>Lakshan Fonseka<\/strong> (UCLA) y <strong>V\u00edctor Ortega<\/strong> (Per\u00fa) tambi\u00e9n han concluido su Maestr\u00eda en la Universidad de Navarra.<\/p>\n<figure id=\"attachment_1756\" aria-describedby=\"caption-attachment-1756\" style=\"width: 289px\" class=\"wp-caption alignright\"><img loading=\"lazy\" class=\"wp-image-1756\" src=\"http:\/\/www.cientificos.pe\/wp-content\/uploads\/2017\/07\/foto-carlos-tirado-225x300.jpg\" alt=\"\" width=\"289\" height=\"385\" srcset=\"https:\/\/www.cientificos.pe\/wp-content\/uploads\/2017\/07\/foto-carlos-tirado-225x300.jpg 225w, https:\/\/www.cientificos.pe\/wp-content\/uploads\/2017\/07\/foto-carlos-tirado-696x928.jpg 696w, https:\/\/www.cientificos.pe\/wp-content\/uploads\/2017\/07\/foto-carlos-tirado-315x420.jpg 315w, https:\/\/www.cientificos.pe\/wp-content\/uploads\/2017\/07\/foto-carlos-tirado.jpg 720w\" sizes=\"(max-width: 289px) 100vw, 289px\" \/><figcaption id=\"caption-attachment-1756\" class=\"wp-caption-text\">David Shabsovich is doing research in pancreatic cancer in my lab<\/figcaption><\/figure>\n<p style=\"text-align: justify;\">David Shabsovich, estudiante ucraniano es uno de los que ha venido trabajando desde el 2012 en el proyecto que tenenos en c\u00e1ncer de p\u00e1ncreas. Adem\u00e1s en los tres \u00faltimos a\u00f1os se ha desempe\u00f1ado como Coordinador del Proyecto \u201cThe International Circle of Genetic Studies\u201d.<\/p>\n<p style=\"text-align: justify;\"><strong>\u00bfComo pueden jornadas como esta impactar favorablemente a los j\u00f3venes universitarios y a los docentes de las universidades?<\/strong><\/p>\n<p style=\"text-align: justify;\">Por supuesto que tiene un gran impacto porque el conocimiento es compartido por j\u00f3venes de Per\u00fa, as\u00ed como profesionales peruanos que asisten con ansias al evento. Hemos tenido muy buena acogida y tambi\u00e9n han venido participantes de Guayaquil as\u00ed como de Bogot\u00e1. Eso es algo gratificante. El a\u00f1o pasado contamos con una estudiante que vino desde Alemania a participar en nuestro evento.<\/p>\n<p style=\"text-align: justify;\"><strong>\u00bfEl gobierno peruano a trav\u00e9s de sus entidades ligadas a la ciencia apoyan de alguna forma esta jornada?<\/strong><\/p>\n<p style=\"text-align: justify;\">No. Los asesores y profesores invitados viajan a nuestro evento sin cobrar un solo centavo y todos ellos subvencionados por sus entidades educativas en el extranjero.<\/p>\n<p style=\"text-align: justify;\"><strong>\u00bfVolver\u00edas al Per\u00fa a trabajar? \u00bfCu\u00e1n dif\u00edcil es volver para alguien altamente formado?<\/strong><\/p>\n<p style=\"text-align: justify;\"><span style=\"color: #000000;\"><span style=\"text-decoration: underline;\"><em>Lo he intentado varias veces<\/em><\/span>,<\/span> pero no veo una acogida, as\u00ed es que he decidido permanecer en EE.UU y ayudar a mi pa\u00eds desde ac\u00e1. Noto un gran rechazo y una falta de seriedad (es mi experiencia personal). Intent\u00e9 hacer un proyecto de colaboraci\u00f3n con mi alma m\u00e1ter y se qued\u00f3 en buenos deseos \u00fanicamente.<\/p>\n<p style=\"text-align: justify;\"><strong>\u00bfQu\u00e9 recomendaciones le dar\u00edas al gobierno para atraer cient\u00edficos hacia el Per\u00fa?\u00a0<\/strong><\/p>\n<p style=\"text-align: justify;\"><span style=\"text-decoration: underline;\"><span style=\"color: #000000;\"><em>Yo creo que es necesario formar cient\u00edficos que regresen a Per\u00fa y que se nos den las facilidades de poder regresar.<\/em><\/span><\/span> Definitivamente el Per\u00fa es el mejor lugar para vivir y como peruanos lo sabemos pero ante cada condici\u00f3n particular, yo opt\u00e9 por quedarme en el extranjero.<\/p>\n<p style=\"text-align: justify;\"><strong>Un saludos para la comunidad de Cient\u00edficos.pe &#8230;<\/strong><\/p>\n<p style=\"text-align: justify;\">Un saludo grande a todos los cient\u00edficos peruanos en el mundo. Aprovecho la oportunidad para invitar a los profesores de las universidades peruanas, as\u00ed como a estudiantes de las mismas y a profesionales de la salud a participar de este evento que se realizar\u00e1 el pr\u00f3ximo Agosto del 2018 en Chiclayo.<\/p>\n","protected":false},"excerpt":{"rendered":"<p>Son muchos los peruanos que vienen destacando en diferentes laboratorios alrededor del mundo, producto del esfuerzo personal, dedicaci\u00f3n y disciplina. Uno de ellos es el doctor Carlos Tirado, a quien conocimos hace un a\u00f1o debido a que impulsa, desde la Universidad de Minnesota, la Jornada Internacional de Gen\u00e9tica y Biolog\u00eda Molecular en su natal Chiclayo. [&hellip;]<\/p>\n","protected":false},"author":2,"featured_media":1706,"comment_status":"open","ping_status":"open","sticky":false,"template":"","format":"standard","meta":[],"categories":[19,57],"tags":[127,128,130,129,131],"_links":{"self":[{"href":"https:\/\/www.cientificos.pe\/index.php?rest_route=\/wp\/v2\/posts\/1705"}],"collection":[{"href":"https:\/\/www.cientificos.pe\/index.php?rest_route=\/wp\/v2\/posts"}],"about":[{"href":"https:\/\/www.cientificos.pe\/index.php?rest_route=\/wp\/v2\/types\/post"}],"author":[{"embeddable":true,"href":"https:\/\/www.cientificos.pe\/index.php?rest_route=\/wp\/v2\/users\/2"}],"replies":[{"embeddable":true,"href":"https:\/\/www.cientificos.pe\/index.php?rest_route=%2Fwp%2Fv2%2Fcomments&post=1705"}],"version-history":[{"count":28,"href":"https:\/\/www.cientificos.pe\/index.php?rest_route=\/wp\/v2\/posts\/1705\/revisions"}],"predecessor-version":[{"id":1758,"href":"https:\/\/www.cientificos.pe\/index.php?rest_route=\/wp\/v2\/posts\/1705\/revisions\/1758"}],"wp:featuredmedia":[{"embeddable":true,"href":"https:\/\/www.cientificos.pe\/index.php?rest_route=\/wp\/v2\/media\/1706"}],"wp:attachment":[{"href":"https:\/\/www.cientificos.pe\/index.php?rest_route=%2Fwp%2Fv2%2Fmedia&parent=1705"}],"wp:term":[{"taxonomy":"category","embeddable":true,"href":"https:\/\/www.cientificos.pe\/index.php?rest_route=%2Fwp%2Fv2%2Fcategories&post=1705"},{"taxonomy":"post_tag","embeddable":true,"href":"https:\/\/www.cientificos.pe\/index.php?rest_route=%2Fwp%2Fv2%2Ftags&post=1705"}],"curies":[{"name":"wp","href":"https:\/\/api.w.org\/{rel}","templated":true}]}}