{"id":2248,"date":"2017-09-28T23:51:18","date_gmt":"2017-09-28T23:51:18","guid":{"rendered":"http:\/\/www.cientificos.pe\/?p=2248"},"modified":"2017-09-29T02:22:47","modified_gmt":"2017-09-29T02:22:47","slug":"entrevista-a-yuri-hooker-protaonista-del-documental-pacificum-un-retorno-al-oceano","status":"publish","type":"post","link":"https:\/\/www.cientificos.pe\/?p=2248","title":{"rendered":"Entrevista a Yuri Hooker, protagonista del documental Pacificum, un retorno al oc\u00e9ano"},"content":{"rendered":"<p style=\"text-align: justify;\"><span style=\"font-weight: 400;\">Yuri Hooker, bi\u00f3logo egresado de la Universidad Nacional de Trujillo y actualmente coordinador del Laboratorio de Biolog\u00eda Marina de la Universidad Peruana Cayetano Heredia. Ha descubierto numerosas especies nuevas para la ciencia, incluyendo un hermoso coral rojo que ha sido bautizado como <\/span><i><span style=\"font-weight: 400;\">Psammogorgia hookeri<\/span><\/i><span style=\"font-weight: 400;\"> encontrado en las aguas frias de la Reserva Nacional de Paracas.\u00a0<\/span><span style=\"font-weight: 400;\">A puertas del estreno del documental <a href=\"http:\/\/cienciactiva.gob.pe\/cienciactiva-informa\/documental-peruano-promueve-el-conocimiento-cientifico-de-nuestro-oceano\" target=\"_blank\" rel=\"noopener noreferrer\">&#8220;Pacificum, el retorno al oc\u00e9ano\u201d<\/a>, Yuri, uno de los protagonistas, nos concede esta entrevista:<\/span><\/p>\n<p><strong>\u00bfC\u00f3mo te uniste al proyecto? <\/strong><\/p>\n<p style=\"text-align: justify;\"><span style=\"font-weight: 400;\">Me contactaron Mariana Tschudi y Evelyn Merino Reyna, no las conoc\u00eda en persona pero ya antes les habia donado unas im\u00e1genes submarinas para un video que hicieron sobre el mar. Desde que las conoc\u00ed nos conectamos de inmediato por nuestro amor y compromiso para conservar el mar. Curiosamente estaban muy ilusionadas en que el documental sea musicalizado por la genial Pauchi Sasaki a quien no conoc\u00edan y yo si, asi que se las present\u00e9 y se fue reforzando este grupo que, finalmente, dio la obra que esta semana se estrena en cines.<\/span><\/p>\n<p><span style=\"font-weight: 400;\"><strong>\u00bfCu\u00e1l ha sido tu papel en este documental? Es decir, \u00bfen qu\u00e9 ha consistido tu colaboraci\u00f3n y cu\u00e1ndo<\/strong> <strong>inici\u00f3<\/strong>?<\/span><\/p>\n<p style=\"text-align: justify;\"><span style=\"font-weight: 400;\">Ya no recuerdo cuando empec\u00e9 a trabajar con ellos, fue al menos hace 4 a\u00f1os. Inicialmente pens\u00e9 que solo era para hacer c\u00e1mara submarina y asesorar en vida subacu\u00e1tica, pero luego me dijeron que ser\u00eda uno de los 4 personajes de la pel\u00edcula, dando cada uno una mirada del mar desde su perspectiva profesional y personal.<\/span><\/p>\n<figure id=\"attachment_2250\" aria-describedby=\"caption-attachment-2250\" style=\"width: 960px\" class=\"wp-caption aligncenter\"><img loading=\"lazy\" class=\"wp-image-2250 size-full\" src=\"http:\/\/www.cientificos.pe\/wp-content\/uploads\/2017\/09\/P-evelyn-pacificum.jpg\" alt=\"\" width=\"960\" height=\"720\" srcset=\"https:\/\/www.cientificos.pe\/wp-content\/uploads\/2017\/09\/P-evelyn-pacificum.jpg 960w, https:\/\/www.cientificos.pe\/wp-content\/uploads\/2017\/09\/P-evelyn-pacificum-300x225.jpg 300w, https:\/\/www.cientificos.pe\/wp-content\/uploads\/2017\/09\/P-evelyn-pacificum-768x576.jpg 768w, https:\/\/www.cientificos.pe\/wp-content\/uploads\/2017\/09\/P-evelyn-pacificum-80x60.jpg 80w, https:\/\/www.cientificos.pe\/wp-content\/uploads\/2017\/09\/P-evelyn-pacificum-265x198.jpg 265w, https:\/\/www.cientificos.pe\/wp-content\/uploads\/2017\/09\/P-evelyn-pacificum-696x522.jpg 696w, https:\/\/www.cientificos.pe\/wp-content\/uploads\/2017\/09\/P-evelyn-pacificum-560x420.jpg 560w\" sizes=\"(max-width: 960px) 100vw, 960px\" \/><figcaption id=\"caption-attachment-2250\" class=\"wp-caption-text\">Yuri Hooker y Mariana Tschudi en plena filmaci\u00f3n de Pacificum en Isla Blanca, Mollendo. Cr\u00e9ditos: Evelyn Merino-Reyna.<\/figcaption><\/figure>\n<p style=\"text-align: justify;\"><strong>\u00bfQu\u00e9 te motiv\u00f3 a unirte a este proyecto?<\/strong><\/p>\n<p style=\"text-align: justify;\"><span style=\"font-weight: 400;\">Mi primera funci\u00f3n en la vida es ser un investigador, y la segunda es difundir lo que se conoce. En el 2012 inicie ya de forma intensa mi labor de comunicador cient\u00edfico y este proyecto calzaba perfecto con temas que queria mostrar, con el objetivo de cambiar conciencias para respetar el mar. <\/span><\/p>\n<p><strong>\u00bfQu\u00e9 fue lo que m\u00e1s te ha gustado de este proyecto?<\/strong><\/p>\n<p style=\"text-align: justify;\"><span style=\"font-weight: 400;\">Una de las cosas que m\u00e1s me ha gustado es conocer a todo este equipo de gente, capaz de hacer un enorme esfuerzo por proteger y conservar algo que es de todos, pero que a pocos realmente les intereza, que es nuestro habitad, nuestra fuente de vida. Adem\u00e1s que lo hagan sin el m\u00e1s m\u00ednimo inter\u00e9s \u00a0econ\u00f3mico, incluso muchas veces poniendo m\u00e1s de lo que se obtiene, algo muy usual en cient\u00edficos y artistas.<\/span><\/p>\n<p><strong> \u00bfCu\u00e1l crees que ha sido el mayor reto?<\/strong><\/p>\n<p style=\"text-align: justify;\"><span style=\"font-weight: 400;\"> El gran reto siempre es traducir los conceptos cient\u00edficos a palabras f\u00e1ciles de entender y, adem\u00e1s, conmover, llegar al alma y la conciencia de todos.<\/span><\/p>\n<p style=\"text-align: justify;\"><strong>Solemos escuchar que el mar peruano es muy rico en t\u00e9rminos de biodiversidad, \u00bfesto es una particularidad especial del mar peruano o se cumple para toda la costa sudamericana o quiz\u00e1 todo el Pac\u00edfico?<\/strong><\/p>\n<p style=\"text-align: justify;\"><span style=\"font-weight: 400;\">Esto es relativo. La mayor parte de la costa es de aguas frias y ah\u00ed la diversidad, es decir, el n\u00famero de especies, es poca, sin embargo la abundancia de esas pocas especies es sorprendente. Pero en el norte tropical, en apenas 150 km del extremo norte, la diversidad es enorme y representa m\u00e1s del 70% de toda la diversidad de nuestro mar.<\/span><\/p>\n<p><strong>\u00bfQu\u00e9 especies se encuentran solamente en el mar peruano?<\/strong><\/p>\n<p style=\"text-align: justify;\"><span style=\"font-weight: 400;\">Lo que ocurre es que la gran mayoria de especies de aguas frias las compartimos con el norte de Chile y las tropicales con todos los pa\u00edses tropicales al norte, desde Ecuador hasta M\u00e9xico. Sin embar hay varias especies solo conocidas en aguas peruanas, es decir end\u00e9micas: unas 5 especies de peces, varios moluscos, especialmente babosas marinas, esponjas, corales, etc, varias de las cuales hemos descubierto durante mis estudios.<\/span><\/p>\n<figure id=\"attachment_2249\" aria-describedby=\"caption-attachment-2249\" style=\"width: 486px\" class=\"wp-caption aligncenter\"><img loading=\"lazy\" class=\"wp-image-2249 size-full\" src=\"http:\/\/www.cientificos.pe\/wp-content\/uploads\/2017\/09\/P-YuriHooker-coral.png\" alt=\"\" width=\"486\" height=\"361\" srcset=\"https:\/\/www.cientificos.pe\/wp-content\/uploads\/2017\/09\/P-YuriHooker-coral.png 486w, https:\/\/www.cientificos.pe\/wp-content\/uploads\/2017\/09\/P-YuriHooker-coral-300x223.png 300w, https:\/\/www.cientificos.pe\/wp-content\/uploads\/2017\/09\/P-YuriHooker-coral-80x60.png 80w, https:\/\/www.cientificos.pe\/wp-content\/uploads\/2017\/09\/P-YuriHooker-coral-265x198.png 265w\" sizes=\"(max-width: 486px) 100vw, 486px\" \/><figcaption id=\"caption-attachment-2249\" class=\"wp-caption-text\">Coral\u00a0<i><span style=\"font-weight: 400;\">Psammogorgia hookeri. Cr\u00e9ditos: Yuri Hooker.<\/span><\/i><\/figcaption><\/figure>\n<p><strong>Como bi\u00f3logo marino debes tener alg\u00fan animal o especie favorita, \u00bfcu\u00e1l es y por qu\u00e9? \u00bfQu\u00e9 caracter\u00edsticas tiene?\u00a0<\/strong><\/p>\n<p><span style=\"font-weight: 400;\">Eso es dificil de responder, son muchos, no sabria decir\u2026 las babosas marinas se encuentran entre los organismos m\u00e1s coloridos y raros del mar y tenemos muchas especies end\u00e9micas en Per\u00fa. Los pulpos son fant\u00e1sticos, siempre tan curiosos e inteligentes. Los corales abanico con sus aspectos de plantas pero sin embargo animales, las gigantescas y super amables mantarayas\u2026 y claro, las ballenas, cuyos cantos me han acompa\u00f1ado innumerables veces mientras buceaba.<\/span><\/p>\n<p><strong>Cu\u00e9ntanos un poco sobre Terra Aquatica \u00bfa qu\u00e9 se dedica?<\/strong><\/p>\n<p style=\"text-align: justify;\"><span style=\"font-weight: 400;\">Terra Aquatica la form\u00e9 en el 2012 cuando decid\u00ed dejar mi trabajo, que me tenia demasiado en oficina, y tom\u00e9 la decisi\u00f3n de hacer documentales. Desde entonces vengo trabajando a tiempo partido entre la ciencia y la producci\u00f3n audiovisual, incluyendo algunos libros, fotograf\u00eda, estudios ambientales de todo tipo. <\/span><\/p>\n<p><strong>\u00bfQu\u00e9 otros proyectos tienes en marcha que puedas contarnos?<\/strong><\/p>\n<p style=\"text-align: justify;\"><span style=\"font-weight: 400;\">Actualmente venimos elaborando un documental de 6 cap\u00edtulos para televisi\u00f3n sobre Paracas, donde el componente principal es el mundo submarino y varios otros aspectos nunca antes mostrados de este lugar incomparable. Luego viene otro documental, tambi\u00e9n de 6 cap\u00edtulos, sobre los bosques del Bajo Urubamba, la Amazon\u00eda cuzque\u00f1a. A mediados del 2018 espero estrenar un proyecto documental muy personal, sobre el mar tropical del Per\u00fa, nuestra joya submarina a pesar de todo lo afectada que est\u00e1 por la pesca ilegal y sobre explotaci\u00f3n, algo que espero revertir con el mensaje del documental.<\/span><\/p>\n<p><strong>Un comentario final y mensaje para los seguidores de Cientificos.pe<\/strong><\/p>\n<p style=\"text-align: justify;\"><span style=\"font-weight: 400;\">La ciencia es una herramienta que, bien usada, nos puede llenar de posibilidades de supervivencia y desarrollo sin destruir. Debe ser compromiso personal de cada cient\u00edfico que su trabajo sea armonioso y en beneficio de nuestro habitat, el ambiente, pues de \u00e9l vivimos. Si no entendemos esto, nuestro propio desarrollo terminar\u00e1 por extinguirnos como especie. Por eso es tan importante la pel\u00edcula Pacificum para cambiar conciencias, para ofrecernos un\u00a0retorno al oc\u00e9ano.\u00a0<\/span><\/p>\n<p style=\"text-align: justify;\">Finalmente te dejamos aqu\u00ed una invitaci\u00f3n de Yuri para que veas Pacificum<\/p>\n<div class=\"epyt-video-wrapper\"><iframe  style=\"display: block; margin: 0px auto;\"  id=\"_ytid_95628\"  width=\"640\" height=\"360\"  data-origwidth=\"640\" data-origheight=\"360\"  data-relstop=\"1\" src=\"https:\/\/www.youtube.com\/embed\/RV3mbB85I2g?enablejsapi=1&#038;autoplay=0&#038;cc_load_policy=0&#038;cc_lang_pref=&#038;iv_load_policy=1&#038;loop=0&#038;modestbranding=1&#038;rel=0&#038;fs=1&#038;playsinline=0&#038;autohide=2&#038;hl=es_PE&#038;theme=dark&#038;color=red&#038;controls=1&#038;\" class=\"__youtube_prefs__  epyt-is-override  no-lazyload\" title=\"Yuri Hooker, te invita a ver Pacificum: el retorno al oc\u00e9ano\"  allow=\"fullscreen; accelerometer; autoplay; clipboard-write; encrypted-media; gyroscope; picture-in-picture\" allowfullscreen data-no-lazy=\"1\" data-skipgform_ajax_framebjll=\"\"><\/iframe><\/div>\n","protected":false},"excerpt":{"rendered":"<p>Yuri Hooker, bi\u00f3logo egresado de la Universidad Nacional de Trujillo y actualmente coordinador del Laboratorio de Biolog\u00eda Marina de la Universidad Peruana Cayetano Heredia. Ha descubierto numerosas especies nuevas para la ciencia, incluyendo un hermoso coral rojo que ha sido bautizado como Psammogorgia hookeri encontrado en las aguas frias de la Reserva Nacional de Paracas.\u00a0A [&hellip;]<\/p>\n","protected":false},"author":11,"featured_media":2251,"comment_status":"open","ping_status":"open","sticky":false,"template":"","format":"standard","meta":[],"categories":[19,29,60,26,57,126],"tags":[],"_links":{"self":[{"href":"https:\/\/www.cientificos.pe\/index.php?rest_route=\/wp\/v2\/posts\/2248"}],"collection":[{"href":"https:\/\/www.cientificos.pe\/index.php?rest_route=\/wp\/v2\/posts"}],"about":[{"href":"https:\/\/www.cientificos.pe\/index.php?rest_route=\/wp\/v2\/types\/post"}],"author":[{"embeddable":true,"href":"https:\/\/www.cientificos.pe\/index.php?rest_route=\/wp\/v2\/users\/11"}],"replies":[{"embeddable":true,"href":"https:\/\/www.cientificos.pe\/index.php?rest_route=%2Fwp%2Fv2%2Fcomments&post=2248"}],"version-history":[{"count":7,"href":"https:\/\/www.cientificos.pe\/index.php?rest_route=\/wp\/v2\/posts\/2248\/revisions"}],"predecessor-version":[{"id":2259,"href":"https:\/\/www.cientificos.pe\/index.php?rest_route=\/wp\/v2\/posts\/2248\/revisions\/2259"}],"wp:featuredmedia":[{"embeddable":true,"href":"https:\/\/www.cientificos.pe\/index.php?rest_route=\/wp\/v2\/media\/2251"}],"wp:attachment":[{"href":"https:\/\/www.cientificos.pe\/index.php?rest_route=%2Fwp%2Fv2%2Fmedia&parent=2248"}],"wp:term":[{"taxonomy":"category","embeddable":true,"href":"https:\/\/www.cientificos.pe\/index.php?rest_route=%2Fwp%2Fv2%2Fcategories&post=2248"},{"taxonomy":"post_tag","embeddable":true,"href":"https:\/\/www.cientificos.pe\/index.php?rest_route=%2Fwp%2Fv2%2Ftags&post=2248"}],"curies":[{"name":"wp","href":"https:\/\/api.w.org\/{rel}","templated":true}]}}