{"id":2260,"date":"2017-10-05T19:09:51","date_gmt":"2017-10-05T19:09:51","guid":{"rendered":"http:\/\/www.cientificos.pe\/?p=2260"},"modified":"2017-11-09T03:30:52","modified_gmt":"2017-11-09T03:30:52","slug":"berlin-acogera-el-segundo-encuentro-de-cientificos-peruanos-en-europa-sinapsis-2017","status":"publish","type":"post","link":"https:\/\/www.cientificos.pe\/?p=2260","title":{"rendered":"BERLIN ACOGERA EL \u201cSEGUNDO ENCUENTRO DE CIENT\u00cdFICOS PERUANOS  EN EUROPA SINAPSIS 2017\u201d"},"content":{"rendered":"<p><span style=\"font-weight: 400;\">Berl\u00edn, Alemania, del 5 al 7 de Octubre<\/span><\/p>\n<p><span style=\"font-weight: 400;\">Del 5 al 7 de Octubre, la ciudad de Berl\u00edn, capital de Alemania, acoger\u00e1 al \u201cSegundo Encuentro de Cient\u00edficos Peruanos en Europa &#8211; SINAPSIS 2017\u201d que reunir\u00e1 a m\u00e1s de 100 cient\u00edficos con el objetivo en com\u00fan de buscar alternativas para el apoyo y desarrollo de la ciencia, tecnolog\u00eda e innovaci\u00f3n en el Per\u00fa. Esta es una importante iniciativa que se inici\u00f3 en 2016 en Paris para consolidar la red de cient\u00edficos peruanos en Europa y generar un espacio para dar mayor impulso a los \u00e1mbitos cient\u00edficos y de investigaci\u00f3n acad\u00e9mica del Per\u00fa. El evento ser\u00e1 inaugurado por el Embajador del Per\u00fa en Alemania, Elmer Schialer.<\/span><\/p>\n<p><span style=\"font-weight: 400;\">El programa incluye conferencias, presentaci\u00f3n de posters cient\u00edficos y mesas redondas, que versar\u00e1n sobre ciencias consideradas prioritarias para nuestro pa\u00eds, seg\u00fan un estudio hecho por CONCYTEC, como son las f\u00edsicas y qu\u00edmicas, m\u00e9dicas, ciencia de materiales y nanotecnolog\u00eda, ciencias de la Tierra y del Espacio, ciencias de la Computaci\u00f3n, biolog\u00eda, matem\u00e1ticas y campos de la ingenier\u00eda entre otras. Se puede ver el programa en detalle en http:\/\/encuentro.sinapsis-peru.org\/programa\/.\u00a0<\/span><\/p>\n<p><span style=\"font-weight: 400;\">Entre los ponentes magistrales destacan el cient\u00edfico peruano Prof. Enrique Solano, director de grupo de investigaci\u00f3n QUTIS en la Universidad del Pa\u00eds Vasco, un referente a nivel mundial en el tema de las computadoras cu\u00e1nticas. Tambi\u00e9n el matem\u00e1tico peruano Dr. Harald Helfgott, quien ocupa una prestigiosa C\u00e1tedra Humboldt en la Universidad Georg-August de G\u00f6ttingen, Alemania (las c\u00e1tedras Humboldt son auspiciadas por la fundaci\u00f3n alemana Alexander von Humboldt para acercar a las universidades alemanas a investigadores destacados de todo el mundo). Entre los invitados extranjeros sobresalen el Profesor Ludger Woeste, del Institut f\u00fcr Experimentalphysik, Freie Universit\u00e4t Berl\u00edn, un experto en tecnolog\u00eda l\u00e1ser, y el doctor Pal Moller, del hospital universitario de Oslo en Noruega, experto en el c\u00e1ncer hereditario.<\/span><\/p>\n<p><span style=\"font-weight: 400;\">Asimismo, en las mesas redondas participar\u00e1n representantes de importantes entidades alemanas como la Fundaci\u00f3n Alemana para la Investigaci\u00f3n Cient\u00edfica (DFG), el Servicio Alem\u00e1n de Intercambio Acad\u00e9mico (DAAD), de la Fundaci\u00f3n Alexander von Humboldt y del Centro Internacional para la Migraci\u00f3n y el Desarrollo (CIM) de la Agencia de Cooperaci\u00f3n Internacional alemana (GIZ). <\/span><\/p>\n<p><span style=\"font-weight: 400;\">El encuentro de cient\u00edficos est\u00e1 dirigido a la comunidad cient\u00edfica peruana radicada en Europa, investigadores, docentes e investigadores post-doctorales. Tambi\u00e9n participan becarios del gobierno peruano e investigadores europeos que se encuentran trabajando en proyectos asociados a nuestro pa\u00eds.<\/span><\/p>\n<p><span style=\"font-weight: 400;\">Este encuentro, adem\u00e1s de constituir un espacio para establecer nexos entre cient\u00edficos e instituciones en el Per\u00fa y en Europa, permitir\u00e1 conocer las pol\u00edticas y programas del CONCYTEC para incentivar la ciencia en nuestro pa\u00eds y los instrumentos para el retorno de cient\u00edficos peruanos. Tambi\u00e9n habr\u00e1 un espacio destinado a las diferentes iniciativas que buscan promover, divulgar y apoyar la ciencia en nuestro pa\u00eds. El CONCYTEC participar\u00e1 v\u00eda video conferencia donde se expondr\u00e1 sobre los programas que desarrolla dicha instituci\u00f3n en este \u00e1mbito.<\/span><\/p>\n<p><span style=\"font-weight: 400;\">El evento acad\u00e9mico que se llevar\u00e1 a cabo en las instalaciones de la Universidad T\u00e9cnica de Berl\u00edn (TU) y de la Embajada del Per\u00fa en Alemania, ser\u00e1 posible gracias a los esfuerzos de un entusiasta equipo conformado por j\u00f3venes cient\u00edficos peruanos que se encargaron de la organizaci\u00f3n, al auspicio del Ministerio de Relaciones Exteriores del Per\u00fa, y al apoyo de la referida Misi\u00f3n Diplom\u00e1tica, as\u00ed como de diversas asociaciones y empresas privadas.<\/span><\/p>\n","protected":false},"excerpt":{"rendered":"<p>Berl\u00edn, Alemania, del 5 al 7 de Octubre Del 5 al 7 de Octubre, la ciudad de Berl\u00edn, capital de Alemania, acoger\u00e1 al \u201cSegundo Encuentro de Cient\u00edficos Peruanos en Europa &#8211; SINAPSIS 2017\u201d que reunir\u00e1 a m\u00e1s de 100 cient\u00edficos con el objetivo en com\u00fan de buscar alternativas para el apoyo y desarrollo de la [&hellip;]<\/p>\n","protected":false},"author":5,"featured_media":2261,"comment_status":"open","ping_status":"open","sticky":false,"template":"","format":"standard","meta":[],"categories":[19],"tags":[],"_links":{"self":[{"href":"https:\/\/www.cientificos.pe\/index.php?rest_route=\/wp\/v2\/posts\/2260"}],"collection":[{"href":"https:\/\/www.cientificos.pe\/index.php?rest_route=\/wp\/v2\/posts"}],"about":[{"href":"https:\/\/www.cientificos.pe\/index.php?rest_route=\/wp\/v2\/types\/post"}],"author":[{"embeddable":true,"href":"https:\/\/www.cientificos.pe\/index.php?rest_route=\/wp\/v2\/users\/5"}],"replies":[{"embeddable":true,"href":"https:\/\/www.cientificos.pe\/index.php?rest_route=%2Fwp%2Fv2%2Fcomments&post=2260"}],"version-history":[{"count":2,"href":"https:\/\/www.cientificos.pe\/index.php?rest_route=\/wp\/v2\/posts\/2260\/revisions"}],"predecessor-version":[{"id":2263,"href":"https:\/\/www.cientificos.pe\/index.php?rest_route=\/wp\/v2\/posts\/2260\/revisions\/2263"}],"wp:featuredmedia":[{"embeddable":true,"href":"https:\/\/www.cientificos.pe\/index.php?rest_route=\/wp\/v2\/media\/2261"}],"wp:attachment":[{"href":"https:\/\/www.cientificos.pe\/index.php?rest_route=%2Fwp%2Fv2%2Fmedia&parent=2260"}],"wp:term":[{"taxonomy":"category","embeddable":true,"href":"https:\/\/www.cientificos.pe\/index.php?rest_route=%2Fwp%2Fv2%2Fcategories&post=2260"},{"taxonomy":"post_tag","embeddable":true,"href":"https:\/\/www.cientificos.pe\/index.php?rest_route=%2Fwp%2Fv2%2Ftags&post=2260"}],"curies":[{"name":"wp","href":"https:\/\/api.w.org\/{rel}","templated":true}]}}