{"id":256,"date":"2016-11-19T16:22:35","date_gmt":"2016-11-19T16:22:35","guid":{"rendered":"http:\/\/159.203.74.176\/?p=256"},"modified":"2016-12-07T10:31:45","modified_gmt":"2016-12-07T10:31:45","slug":"concluye-exitosamente-comparte-ciencias-en-la-unsa","status":"publish","type":"post","link":"https:\/\/www.cientificos.pe\/?p=256","title":{"rendered":"Concluye exitosamente &#8220;Comparte Ciencias&#8221; en la UNSA"},"content":{"rendered":"<p style=\"text-align: justify;\"><strong>(Yanahuara.-)<\/strong> El dia viernes 9 de Septiembre se llevo a cabo la ultima video conferencia del ciclo 2016-I de &#8220;Comparte Ciencias&#8221; T\u00f3picos de Neurociencias en la Universidad San Agustin de Arequipa. Este ciclo de conferencias se llevo a cabo entre el 20 de Julio y el 9 de Septiembre en el Paraninfo Eleazar Guzm\u00e1n 1<sup>er<\/sup> piso de la Facultad de Medicina de la UNSA. Cabe resaltar que para que este evento llegue a la mayor cantidad de interesados y tenga un impacto mayor, fue transmitido v\u00eda el canal de Youtube (Canal de Cient\u00edficos.pe).<\/p>\n<p style=\"text-align: justify;\">Las charlas constaron de 3 partes. La primera parte en donde el expositor transmiti\u00f3 sus experiencias en el Per\u00fa y en el extranjero, una segunda parte enfocada en el tema de investigacion que realiza actualmente y una tercera parte opcional en donde el expositor tenia carta libre para conversar con el publico participante.<\/p>\n<p style=\"text-align: justify;\">Tomaron parte de la organizaci\u00f3n, en colaboraci\u00f3n con cientificos.pe, diferentes grupos estudiantiles como la Asociaci\u00f3n de estudiantes en medicina molecular,\u00a0Grupo de Investigaci\u00f3n en Inmunolog\u00eda,\u00a0Asociaci\u00f3n de estudiantes en Infectolog\u00eda y la Asociaci\u00f3n de Estudiantes de Anatom\u00eda Cl\u00ednica y Morfolog\u00eda e Investigaci\u00f3n. Gracias al apoyo de todos ellos se logro motivar a los estudiantes y docentes a participar, cumpliendo el objetivo de &#8220;Comparte Ciencias&#8221;.<\/p>\n<p style=\"text-align: justify;\">Agradecemos a los expositores de este ciclo de conferencias, los cuales brindaron parte de su tiempo y participaron mostrando la mejor disposicion de una forma excepcional .<\/p>\n<p><span style=\"text-decoration: underline;\">MSc. Bryan Lucero<\/span>, Miembro de Cientificos.pe, Inauguracion<\/p>\n<p><span style=\"text-decoration: underline;\">Ph.D. Juan R. Tejedo<\/span>,\u00a0Andalusian Center for Molecular Biology and Regenerative Medicine. Espa\u00f1a.<\/p>\n<p>Tema: Como hacer c\u00e9lulas productoras de insulina a partir de c\u00e9lulas madre embrionarias<\/p>\n<p><span style=\"text-decoration: underline;\">Ph.D.(c) Enver Oruro<\/span>,\u00a0Universidad Federal do Rio Grande do Sul. Brasil.<\/p>\n<p>Tema: Principio unificado del reforzamiento en el modelo computacional del cortex piriforme<\/p>\n<p><span style=\"text-decoration: underline;\">Ph.D.(c) Carlos Arbizu Berrocal<\/span>,\u00a0University of Wisconsin Madison. EEUU<\/p>\n<p>Tema: Diversidad de especies en el genero Daucus. Tecnicas de cultivo y\u00a0mejoramiento gen\u00e9tico<\/p>\n<p><span style=\"text-decoration: underline;\">M.Sc. Erick de la Torre<\/span>,\u00a0Universidad Complutense de Madrid. Espa\u00f1a.<\/p>\n<p>Tema: Avances en la cura funcional del VIH<\/p>\n<p><span style=\"text-decoration: underline;\">M.Sc.(c) Victor Vasquez Matsuda<\/span>,\u00a0Universidad Sao Paolo. Brasil.<\/p>\n<p>Tema: Neurociencia<\/p>\n<p><span style=\"text-decoration: underline;\">MD M.Sc. Karlo Lizarraga<\/span>,\u00a0University of Miami Miller School of Medicine\/Jackson Memorial Hospital, Miami, \u00a0Florida, EEUU<\/p>\n<p>Tema: Imagenolog\u00eda Molecular del Cerebro: Poniendo la Tecnolog\u00eda al Servicio de Nuestros Pacientes&#8221;<\/p>\n<p><span style=\"text-decoration: underline;\">M.Sc.(c) Melanie Gonzales Carazas<\/span>,\u00a0Universidad Sao Paolo. Brasil<\/p>\n<p>Tema: Apoptosis y cancer<\/p>\n<p><span style=\"text-decoration: underline;\">Ph.D.(c) Clarissa Rio<\/span>s<b>,\u00a0<\/b>Universidad de Queesland. Australia.<\/p>\n<p>Tema: Tienen las c\u00e9lulas germinales m\u00e1s funciones que s\u00f3lo transmitir la informaci\u00f3n gen\u00e9tica?<\/p>\n<p><span style=\"text-decoration: underline;\">Ph.D.(c) Fatima Salda\u00f1a<\/span>, Universidad Vanderbilt. EEUU<\/p>\n<p>Tema: Neurociencias<\/p>\n<p><span style=\"text-decoration: underline;\">Ph.D. Celia Espinoza<\/span>,\u00a0<strong>\u00a0<\/strong>University of California, San Diego. EEUU.<\/p>\n<p>Tema: Epigenetica<\/p>\n<p><span style=\"text-decoration: underline;\">Ph.D.(c) Daniel Zegarra Ruiz<\/span>,\u00a0Universidad de Yale. EEUU.<\/p>\n<p>Tema: Dieta, microbiota intestinal y lupus<\/p>\n","protected":false},"excerpt":{"rendered":"<p>(Yanahuara.-) El dia viernes 9 de Septiembre se llevo a cabo la ultima video conferencia del ciclo 2016-I de &#8220;Comparte Ciencias&#8221; T\u00f3picos de Neurociencias en la Universidad San Agustin de Arequipa. Este ciclo de conferencias se llevo a cabo entre el 20 de Julio y el 9 de Septiembre en el Paraninfo Eleazar Guzm\u00e1n 1er [&hellip;]<\/p>\n","protected":false},"author":2,"featured_media":264,"comment_status":"open","ping_status":"open","sticky":false,"template":"","format":"standard","meta":[],"categories":[64,26],"tags":[28,27],"_links":{"self":[{"href":"https:\/\/www.cientificos.pe\/index.php?rest_route=\/wp\/v2\/posts\/256"}],"collection":[{"href":"https:\/\/www.cientificos.pe\/index.php?rest_route=\/wp\/v2\/posts"}],"about":[{"href":"https:\/\/www.cientificos.pe\/index.php?rest_route=\/wp\/v2\/types\/post"}],"author":[{"embeddable":true,"href":"https:\/\/www.cientificos.pe\/index.php?rest_route=\/wp\/v2\/users\/2"}],"replies":[{"embeddable":true,"href":"https:\/\/www.cientificos.pe\/index.php?rest_route=%2Fwp%2Fv2%2Fcomments&post=256"}],"version-history":[{"count":2,"href":"https:\/\/www.cientificos.pe\/index.php?rest_route=\/wp\/v2\/posts\/256\/revisions"}],"predecessor-version":[{"id":870,"href":"https:\/\/www.cientificos.pe\/index.php?rest_route=\/wp\/v2\/posts\/256\/revisions\/870"}],"wp:featuredmedia":[{"embeddable":true,"href":"https:\/\/www.cientificos.pe\/index.php?rest_route=\/wp\/v2\/media\/264"}],"wp:attachment":[{"href":"https:\/\/www.cientificos.pe\/index.php?rest_route=%2Fwp%2Fv2%2Fmedia&parent=256"}],"wp:term":[{"taxonomy":"category","embeddable":true,"href":"https:\/\/www.cientificos.pe\/index.php?rest_route=%2Fwp%2Fv2%2Fcategories&post=256"},{"taxonomy":"post_tag","embeddable":true,"href":"https:\/\/www.cientificos.pe\/index.php?rest_route=%2Fwp%2Fv2%2Ftags&post=256"}],"curies":[{"name":"wp","href":"https:\/\/api.w.org\/{rel}","templated":true}]}}