{"id":265,"date":"2016-10-19T16:42:10","date_gmt":"2016-10-19T16:42:10","guid":{"rendered":"http:\/\/159.203.74.176\/?p=265"},"modified":"2017-10-07T18:51:46","modified_gmt":"2017-10-07T18:51:46","slug":"mev-dominguez-peruana-en-oslo-dedicada-al-diagnostico-personalizado-del-cancer","status":"publish","type":"post","link":"https:\/\/www.cientificos.pe\/?p=265","title":{"rendered":"Mev Dominguez, peruana en Oslo dedicada al diagn\u00f3stico personalizado del c\u00e1ncer"},"content":{"rendered":"<p style=\"text-align: justify;\">Se gradu\u00f3 en la Facultad de Biolog\u00eda de la Universidad Nacional Mayor de San Marcos. Viaj\u00f3 a Brasil para realizar sus estudios de maestr\u00eda en la Facultad de Medicina de Ribeirao Preto, Universidad de Sao Paulo, Brasil, especializ\u00e1ndose en el estudio de las bases gen\u00e9ticas de los tumores cerebrales. Durante sus estudios de doctorado se centr\u00f3 en el estudio gen\u00e9tico de c\u00e1ncer colorrectal\u00a0hereditario en el Hospital AC Camargo de la Universidad Estadual de Sao Paulo. Como consecuencia de su estudio, se estableci\u00f3 por primera vez el an\u00e1lisis gen\u00e9tico para la detecci\u00f3n de c\u00e1ncer hereditario: colorectal, mama, melanoma entre otros en el Hospital AC Camargo. Ha realizado estancias postdoctorales en el Departamento de Oncogen\u00e9tica del Centro Jean Perrin en Francia y en la Universidad de Lund en Suecia en colaboraci\u00f3n con el Registro HNPCC de Dinamarca. Actualmente es investigadora del Departamento de Biolog\u00eda Tumoral de la Universidad Hospital de Oslo, Noruega y participa activamente en los estudios de tumores hereditarios en Am\u00e9rica Latina.<\/p>\n<p style=\"text-align: justify;\"><!--more--><\/p>\n<p style=\"text-align: justify;\"><span style=\"color: #333399;\">\u00bfPodr\u00edas explicarnos la investigaci\u00f3n que haces actualmente?<\/span><\/p>\n<figure style=\"width: 383px\" class=\"wp-caption alignright\"><img loading=\"lazy\" class=\"\" src=\"http:\/\/cientificos-pe.blogspot.es\/media\/cache\/resolve\/media\/files\/01\/090\/017\/2016\/06\/dominmev-congreso.jpg\" alt=\"\" width=\"383\" height=\"511\" \/><figcaption class=\"wp-caption-text\">&#8220;Presentando un trabajo en Montreal, Canada&#8221;<\/figcaption><\/figure>\n<p style=\"text-align: justify;\">Soy investigadora post-doctoral y trabajo con diferentes tipos de c\u00e1ncer familiar (principalmente mama y colorrectal). Nuestro foco de investigaci\u00f3n es el an\u00e1lisis gen\u00f3mico de personas que tienen alto riesgo de desarrollo de estos tipos de tumores. Es decir, personas que tienen antecedentes familiares de c\u00e1ncer o han presentado c\u00e1ncer a una edad temprana o que en su historia familiar tienen parientes con alteraci\u00f3n gen\u00e9tica (mutaci\u00f3n) identificada como responsable del desarrollo de c\u00e1ncer, pero ellos no lo presentan. Estos individuos tienen un alto riesgo de desarrollar c\u00e1ncer y las causas gen\u00e9ticas a\u00fan son desconocidas, por ello estamos haciendo estudios de gen\u00f3mica y con el uso de las nuevas tecnolog\u00edas permitir\u00e1n la identificaci\u00f3n de nuevos marcadores moleculares que ayudaran a un diagn\u00f3stico personalizado. Nuestro objetivo es la aplicaci\u00f3n de nuestras investigaciones en la clinica, principalmente, en el diagn\u00f3stico, prevenci\u00f3n y tratamiento de pacientes y sus familiares.<\/p>\n<p style=\"text-align: justify;\"><span style=\"color: #333399;\">\u00bfC\u00f3mo ves la ciencia en el Per\u00fa?<\/span><\/p>\n<p style=\"text-align: justify;\">Veo que est\u00e1 creciendo de a pocos. Ahora existen m\u00e1s oportunidades para estudiantes de pre-grado y tambi\u00e9n una mayor difusi\u00f3n. Cuando yo sal\u00ed del Per\u00fa, la informaci\u00f3n era muy limitada y no ten\u00edamos muchas opciones. Recuerdo que era muy limitado el acceso a internet. Creo que con el avance y acceso a la tecnolog\u00eda, el apoyo de Concytec y de grupos de j\u00f3venes cient\u00edficos como Uds. estimulan y ayudan al crecimiento de la ciencia y principalmente a la difusi\u00f3n de las oportunidades para estudiar en el extranjero. Las limitaciones son los escaso apoyo del gobierno y aun no existe el inter\u00e9s de empresas privadas \u00a0o fundaciones para apoyar la investigaci\u00f3n.<\/p>\n<p style=\"text-align: justify;\"><span style=\"color: #333399;\">Para realizar los estudios de postgrado \u00bfconseguiste alguna beca?<br \/>\n<\/span><\/p>\n<p style=\"text-align: justify;\">A fines del 2002 viaj\u00e9 a Brasil con mis propios recursos (claro, con el apoyo econ\u00f3mico y moral de mis padres) para presentarme al proceso de admisi\u00f3n de post-grado del Departamento de gen\u00e9tica de la Facultad de Medicina de Ribeirao Preto, USP (FMRP), el cual consist\u00eda en un examen de ingl\u00e9s, conocimientos y entrevista. Ped\u00ed permiso 15 d\u00edas a la Facultad, ya que cursaba mi \u00faltimo a\u00f1o. Cuando termin\u00e9 las clases del \u00faltimo ciclo de la Universidad, recib\u00ed la respuesta de aceptaci\u00f3n al Programa de Postgrado. Recuerdo que esper\u00e1bamos la llamada telef\u00f3nica de Brasil del coordinador de Postgrado, y al ser positiva, fue una gran celebraci\u00f3n en casa con mi familia. D\u00edas despu\u00e9s mi mam\u00e1 se di\u00f3 cuenta que mi viaje implicaba dejar la casa e irme sola a vivir a otro pa\u00eds. Nosotras somos muy unidas pero ella me transmiti\u00f3 fortaleza y seguridad para dar ese paso en mi vida.<\/p>\n<p style=\"text-align: justify;\">Mi viaje y estadia en Brasil fue gracias al apoyo econ\u00f3mico de mis padres. No tuve beca durante el primer a\u00f1o de Maestr\u00eda pero despu\u00e9s y de acuerdo a las calificaciones me ofrecieron la beca de la Universidad. Ya para el doctorado me ofrecieron la beca casi desde inicios del programa.<\/p>\n<p style=\"text-align: justify;\"><span style=\"color: #333399;\">Regresemos un poco en el tiempo, cu\u00e9ntanos \u00bfEn qu\u00e9 colegio realizaste los estudios de primaria y secundaria?<\/span><\/p>\n<p style=\"text-align: justify;\">Estudi\u00e9 desde inicial en el Colegio Juan XXIII (Lima). Desde peque\u00f1a tuve un contacto cercano con las ciencias, principalmente m\u00e9dicas. En el colegio nos estimulaban a participar de las ferias cient\u00edficas, crear o inventar modelos o proyectos y tambi\u00e9n recib\u00edamos charlas.<\/p>\n<figure style=\"width: 351px\" class=\"wp-caption alignleft\"><img loading=\"lazy\" class=\"\" src=\"http:\/\/cientificos-pe.blogspot.es\/media\/cache\/resolve\/media\/files\/01\/090\/017\/2016\/06\/dominmev-nieve.jpg\" alt=\"\" width=\"351\" height=\"468\" \/><figcaption class=\"wp-caption-text\">&#8220;Practicando uno de mis pasatiempos, Ski en \u00c5re, Suecia&#8221;<\/figcaption><\/figure>\n<p style=\"text-align: justify;\"><span style=\"color: #333399;\">\u00bfC\u00f3mo crees que naci\u00f3 tu vocaci\u00f3n cient\u00edfica? \u00bfpor qu\u00e9 elegiste estudiar Biolog\u00eda? o \u00bfqui\u00e9n te motiv\u00f3 a elegirla?<\/span><\/p>\n<p style=\"text-align: justify;\">Mi vocaci\u00f3n cient\u00edfica naci\u00f3 desde peque\u00f1a, porque le\u00eda los folletos o papers m\u00e9dicos que ten\u00eda mi pap\u00e1 en su consultorio. \u00c9l es profesor de la Facultad de Medicina de la UNMSM y es la persona que me inspir\u00f3 y me sigue inspirando con su profesionalismo y vitalidad. Decid\u00ed estudiar biolog\u00eda porque siempre me interes\u00f3 y fascin\u00f3 estudiar los genes, la herencia mendeliana y las enfermedades hereditarias. Yo decidi biolog\u00eda por tener la especialidad de Biologia celular y gen\u00e9tica en UNMSM.<\/p>\n<p style=\"text-align: justify;\"><span style=\"color: #333399;\">\u00bfTuviste oportunidad de realizar investigaci\u00f3n antes de ingresar al post-grado?<br \/>\n<\/span><\/p>\n<p style=\"text-align: justify;\">Desde el primer a\u00f1o de facultad realice pr\u00e1cticas pre-profesionales, en gen\u00e9tica de plantas\u00a0 con el Prof. Augusto Mendoza en \u00a0la Universidad Villarreal. Fue mi gu\u00eda profesional que \u00a0me introdujo en el campo de la investigaci\u00f3n. Hice mi primer proyecto de investigaci\u00f3n sobre el mejoramiento gen\u00e9tico del tomate silvestre.<\/p>\n<p style=\"text-align: justify;\">Los siguientes a\u00f1os, realic\u00e9 pr\u00e1cticas en el laboratorio de Citogen\u00e9tica de la Facultad de Biolog\u00eda (UNMSM) con el Prof. Jaime Descailleaux y \u00a0despu\u00e9s en el Departamento de Gen\u00e9tica del Hospital Rebagliatti con el Dr. Anibal Escalante. Fue en ese periodo que consolid\u00e9 mi vocaci\u00f3n y deseos de hacer investigaci\u00f3n en el exterior. El Dr. Escalante fue un mentor que me transmiti\u00f3 sus experiencias en Brasil y est\u00edmulo a viajar al extranjero a hacer investigaci\u00f3n basado en las limitaciones que exist\u00edan en Per\u00fa.<\/p>\n<p style=\"text-align: justify;\"><span style=\"color: #333399;\">\u00bfCultivas o haz cultivado alg\u00fan pasatiempo?<\/span><\/p>\n<p style=\"text-align: justify;\">Me gusta viajar, conocer nuevas culturas, leer y hacer ejercicios.<\/p>\n<figure style=\"width: 600px\" class=\"wp-caption aligncenter\"><img loading=\"lazy\" class=\"\" src=\"http:\/\/cientificos-pe.blogspot.es\/media\/cache\/resolve\/media\/files\/01\/090\/017\/2016\/06\/dominmev-bici.jpg\" alt=\"\" width=\"600\" height=\"450\" \/><figcaption class=\"wp-caption-text\">&#8220;Paseo en bicicleta despu\u00e9s de un congreso en Mallorca&#8221;<\/figcaption><\/figure>\n<p style=\"text-align: justify;\"><span style=\"color: #333399;\">\u00bfQu\u00e9 les recomiendas a los estudiantes que est\u00e1n por escoger una carrera y a los que est\u00e1n ya estudiando ciencias?<\/span><\/p>\n<p style=\"text-align: justify;\">Que sean perseverantes y no se desanimen ante la primera puerta que se les cierra. Que escojan la carrera por convicci\u00f3n y pasi\u00f3n, no por el retorno econ\u00f3mico que puedan obtener.<\/p>\n<p style=\"text-align: justify;\">Que realicen pr\u00e1cticas o pasant\u00edas desde inicios de su carrera lo que les permitir\u00e1 definir su especialidad. Asimismo, participen de eventos, conferencias y contacten a los investigadores que se encuentran en el extranjero.<\/p>\n<p style=\"text-align: justify;\"><span style=\"color: #333399;\">\u00bfAlg\u00fan Comentario final?<\/span><\/p>\n<p style=\"text-align: justify;\">Agradezco por la invitaci\u00f3n y por el gran trabajo que realizan promocionando la ciencia y permiti\u00e9ndonos interactuar con otros colegas y estudiantes.<\/p>\n<p style=\"text-align: justify;\">Te invitamos a leer esta an\u00e9cdota que nos envi\u00f3 Mev hace un tiempo:<\/p>\n<blockquote data-secret=\"xgE3g1G7G6\" class=\"wp-embedded-content\"><p><a href=\"http:\/\/www.cientificos.pe\/vdi\/hacer-un-pcr-una-electroforesis-desafiante-inicio-de-maestria\/\">Vida de Investigador: \u00bfHacer un PCR?, \u00bfuna electroforesis?&#8230;.desafiante inicio de maestr\u00eda<\/a><\/p><\/blockquote>\n<p><iframe class=\"wp-embedded-content\" sandbox=\"allow-scripts\" security=\"restricted\" style=\"position: absolute; clip: rect(1px, 1px, 1px, 1px);\" src=\"http:\/\/www.cientificos.pe\/vdi\/hacer-un-pcr-una-electroforesis-desafiante-inicio-de-maestria\/embed\/#?secret=xgE3g1G7G6\" data-secret=\"xgE3g1G7G6\" width=\"600\" height=\"338\" title=\"&#8220;Vida de Investigador: \u00bfHacer un PCR?, \u00bfuna electroforesis?&#8230;.desafiante inicio de maestr\u00eda&#8221; &#8212; Cient\u00edficos.pe\" frameborder=\"0\" marginwidth=\"0\" marginheight=\"0\" scrolling=\"no\"><\/iframe><\/p>\n","protected":false},"excerpt":{"rendered":"<p>Se gradu\u00f3 en la Facultad de Biolog\u00eda de la Universidad Nacional Mayor de San Marcos. Viaj\u00f3 a Brasil para realizar sus estudios de maestr\u00eda en la Facultad de Medicina de Ribeirao Preto, Universidad de Sao Paulo, Brasil, especializ\u00e1ndose en el estudio de las bases gen\u00e9ticas de los tumores cerebrales. Durante sus estudios de doctorado se [&hellip;]<\/p>\n","protected":false},"author":11,"featured_media":267,"comment_status":"open","ping_status":"open","sticky":false,"template":"","format":"standard","meta":[],"categories":[57,126],"tags":[],"_links":{"self":[{"href":"https:\/\/www.cientificos.pe\/index.php?rest_route=\/wp\/v2\/posts\/265"}],"collection":[{"href":"https:\/\/www.cientificos.pe\/index.php?rest_route=\/wp\/v2\/posts"}],"about":[{"href":"https:\/\/www.cientificos.pe\/index.php?rest_route=\/wp\/v2\/types\/post"}],"author":[{"embeddable":true,"href":"https:\/\/www.cientificos.pe\/index.php?rest_route=\/wp\/v2\/users\/11"}],"replies":[{"embeddable":true,"href":"https:\/\/www.cientificos.pe\/index.php?rest_route=%2Fwp%2Fv2%2Fcomments&post=265"}],"version-history":[{"count":1,"href":"https:\/\/www.cientificos.pe\/index.php?rest_route=\/wp\/v2\/posts\/265\/revisions"}],"predecessor-version":[{"id":266,"href":"https:\/\/www.cientificos.pe\/index.php?rest_route=\/wp\/v2\/posts\/265\/revisions\/266"}],"wp:featuredmedia":[{"embeddable":true,"href":"https:\/\/www.cientificos.pe\/index.php?rest_route=\/wp\/v2\/media\/267"}],"wp:attachment":[{"href":"https:\/\/www.cientificos.pe\/index.php?rest_route=%2Fwp%2Fv2%2Fmedia&parent=265"}],"wp:term":[{"taxonomy":"category","embeddable":true,"href":"https:\/\/www.cientificos.pe\/index.php?rest_route=%2Fwp%2Fv2%2Fcategories&post=265"},{"taxonomy":"post_tag","embeddable":true,"href":"https:\/\/www.cientificos.pe\/index.php?rest_route=%2Fwp%2Fv2%2Ftags&post=265"}],"curies":[{"name":"wp","href":"https:\/\/api.w.org\/{rel}","templated":true}]}}