{"id":3280,"date":"2019-05-30T06:09:27","date_gmt":"2019-05-30T06:09:27","guid":{"rendered":"http:\/\/www.cientificos.pe\/?p=3280"},"modified":"2020-09-12T10:40:01","modified_gmt":"2020-09-12T10:40:01","slug":"mayo-mes-de-las-aves","status":"publish","type":"post","link":"https:\/\/www.cientificos.pe\/?p=3280","title":{"rendered":"Mayo, mes de las aves:  Entrevista al Dr. Thomas Valqui,"},"content":{"rendered":"<p><img loading=\"lazy\" class=\" wp-image-3284 alignright\" src=\"http:\/\/www.cientificos.pe\/wp-content\/uploads\/2019\/05\/animal-animal-photography-animal-portrait-2152399-199x300.jpg\" alt=\"\" width=\"419\" height=\"632\" \/><strong>Entrevista al Dr. Thomas Valqui, director de Ornitolog\u00eda en el Corbidi (Centro de Ornitolog\u00eda y Biodiversidad)<\/strong><\/p>\n<p style=\"text-align: justify;\">En mayo coincidieron dos importantes eventos en la ornitolog\u00eda, que se ocupa del estudio de las aves: el Global Big Day (celebrado el 4 de mayo este a\u00f1o), y el D\u00eda mundial de las aves migratorias (11 de mayo).<\/p>\n<p style=\"text-align: justify;\">El Global Big Day es un evento creado por el Laboratorio de Ornitolog\u00eda de la Universidad de Cornell, uno de los m\u00e1s importantes en el campo, con el objetivo de avistar aves y registrarlas en la p\u00e1gina web eBird. Los datos pasan por un control de calidad, y los resultados son empleados en <a href=\"https:\/\/ebird.org\/science\/conservationimpacts\">investigaci\u00f3n, conservaci\u00f3n y educaci\u00f3n<\/a>. Si bien hay otras iniciativas de avistamiento de aves, este es el evento m\u00e1s grande porque se celebra a nivel mundial, y todos estamos invitados a participar. Por otro lado, el D\u00eda mundial de las aves migratorias se celebra el segundo s\u00e1bado de mayo y octubre de cada a\u00f1o, con el fin de crear conciencia sobre las amenazas a su conservaci\u00f3n.<\/p>\n<p style=\"text-align: justify;\">Tuvimos el agrado de entrevistar al Dr. Thomas Valqui, director de Ornitolog\u00eda del Centro de Ornitolog\u00eda y Biodiversidad Corbidi, sobre el Global Big Day y la conservaci\u00f3n de aves en nuestro pa\u00eds.<\/p>\n<p style=\"text-align: justify;\"><em><strong>\u00bfC\u00f3mo se realiz\u00f3 el Global Big Day 2019 en Per\u00fa?<\/strong> <\/em><br \/>\nPer\u00fa particip\u00f3 como todos los a\u00f1os, con buenos resultados. Si bien se fren\u00f3 el crecimiento de participaci\u00f3n que se ven\u00eda dando desde el primer Global Big Day en el 2015, se logr\u00f3 mejorar los registros del a\u00f1o pasado.<br \/>\n<em>Este a\u00f1o, el <a href=\"https:\/\/ebird.org\/globalbigday\">Per\u00fa ocup\u00f3 el segundo lugar mundial en el Global Big Day<\/a> con 1517 especies registradas, siguiendo a Colombia, donde se registraron 1591 especies.<\/em><\/p>\n<p style=\"text-align: justify;\"><strong><em>\u00bfCu\u00e1l es el impacto del Global Big Day en nuestro pa\u00eds?<\/em><\/strong><br \/>\nEs un impacto en los observadores de aves. Si bien cada vez es m\u00e1s noticia en algunos peri\u00f3dicos, lo que resaltamos es que cada vez m\u00e1s gente participa, lo que se puede leer como un aumento en el inter\u00e9s por las aves y del n\u00famero de personas que observa aves. Por lo tanto ayuda a que crezca la importancia de aves en el Per\u00fa.<\/p>\n<p style=\"text-align: justify;\"><strong><em>\u00bfPor qu\u00e9 es importante proteger la biodiversidad de las aves en el Per\u00fa?<\/em><\/strong><br \/>\nHay muchas razones, pero una es que esa biodiversidad significa un producto para el pa\u00eds. La industria tur\u00edstica de observaci\u00f3n de aves y naturaleza tiene un gran potencial de ingresos descentralizados para el Per\u00fa. Si se vuelve un producto econ\u00f3micamente interesante, la conservaci\u00f3n tendr\u00e1 una raz\u00f3n m\u00e1s.<br \/>\n<em>\u00bfC\u00f3mo iniciarse en el avistamiento de aves? \u00bfQu\u00e9 puede hacer el p\u00fablico general para participar en el Global Big Day 2020? <\/em><br \/>\nObservar aves es identificarlas por diversi\u00f3n. Es simplemente salir a cualquier sitio verde, o mirar por una ventana, y tratar de identificar las aves que pasan por ah\u00ed. Pronto se volver\u00e1 un reto, una excusa de salir m\u00e1s lejos y hasta una especie de vicio. Tal vez es necesario un binocular, pero nada m\u00e1s para comenzar.<br \/>\nPara participar en el Global Big Day 2020 solo se necesita abrir una cuenta en <a href=\"https:\/\/help.ebird.org\/customer\/portal\/articles\/1972661?t=\">ebird.org<\/a>. Lo m\u00e1s importante es salir a ver aves y familiarizarse con las aves que se reportar\u00e1 en el Global Big Day.<\/p>\n<p style=\"text-align: justify;\"><strong><em>\u00bfEn qu\u00e9 regiones del Per\u00fa hacen falta grupos de avistamiento?<\/em><\/strong><br \/>\nEn todas. Mientras m\u00e1s grupos haya, mejor. Pero creo que en todas ya hay al menos un grupo de entusiastas saliendo a ver aves con regularidad.<\/p>\n<p style=\"text-align: justify;\"><strong><em>\u00bfDe qu\u00e9 otro modo podemos contribuir a proteger la biodiversidad de las aves en nuestro pa\u00eds?<\/em><\/strong><br \/>\nLo mejor es: utiliz\u00e1ndola. Visitando \u00e1reas protegidas, emprendimientos que ofrezcan naturaleza. El peor enemigo de la biodiversidad es la p\u00e9rdida de h\u00e1bitat.<\/p>\n<p style=\"text-align: justify;\"><strong><em>\u00bfC\u00f3mo es el d\u00eda a d\u00eda de un ornit\u00f3logo en el Per\u00fa? \u00bfQu\u00e9 es lo que m\u00e1s disfruta de su trabajo?<\/em><\/strong><br \/>\nVar\u00eda mucho. Acabo de pasar 3 meses en la estaci\u00f3n de Cocha Cashu; ah\u00ed, el d\u00eda empieza de noche, con caminatas por la trochas de esos bosques intocados, transcurre igual con interrupciones para regresar a la estaci\u00f3n para los alimentos y pasada de datos. Todos so\u00f1amos con esos momentos en el campo, pero tambi\u00e9n es mucho tiempo en gabinete, escribiendo reportes o art\u00edculos, buscando fondos, algo de burocracia, etc.<\/p>\n<p style=\"text-align: justify;\"><strong><em>\u00bfEn qu\u00e9 otras \u00e1reas se desempe\u00f1a Corbidi? \u00bfDe qu\u00e9 forma pueden seguirle los lectores de cient\u00edficos.pe?<\/em><\/strong><br \/>\nCorbidi tambi\u00e9n tiene divisiones de herpetolog\u00eda<a href=\"#_ftn1\" name=\"_ftnref1\">[1]<\/a>, mastozoolog\u00eda<a href=\"#_ftn2\" name=\"_ftnref2\">[2]<\/a>, limnolog\u00eda<a href=\"#_ftn3\" name=\"_ftnref3\">[3]<\/a> y comunidades vegetales. Adem\u00e1s tiene un \u00e1rea fuerte de educaci\u00f3n ambiental, y un proyecto continuo de <a href=\"http:\/\/www.corbidi.org\/anillamiento-de-aves.html\">anillamiento<\/a><a href=\"#_ftn4\" name=\"_ftnref4\">[4]<\/a>. Tenemos un <a href=\"https:\/\/www.facebook.com\/CORBIDI\/\">facebook<\/a> donde anunciamos la mayor\u00eda de nuestras actividades.<\/p>\n<hr \/>\n<p style=\"text-align: justify;\"><a href=\"#_ftnref1\" name=\"_ftn1\">[1]<\/a> Estudio de los reptiles<br \/>\n<a href=\"#_ftnref2\" name=\"_ftn2\">[2]<\/a> Estudio de los mam\u00edferos<br \/>\n<a href=\"#_ftnref3\" name=\"_ftn3\">[3]<\/a> Estudio de los sistemas de agua dulce, especialmente los lagos<br \/>\n<a href=\"#_ftnref4\" name=\"_ftn4\">[4]<\/a> Consiste en marcar un ave silvestre viva con un anillo, para as\u00ed seguirla a lo largo de su vida y obtener datos de migraci\u00f3n, comportamiento y longevidad, entre otros<\/p>\n","protected":false},"excerpt":{"rendered":"<p>Entrevista al Dr. Thomas Valqui, director de Ornitolog\u00eda en el Corbidi (Centro de Ornitolog\u00eda y Biodiversidad) En mayo coincidieron dos importantes eventos en la ornitolog\u00eda, que se ocupa del estudio de las aves: el Global Big Day (celebrado el 4 de mayo este a\u00f1o), y el D\u00eda mundial de las aves migratorias (11 de mayo). [&hellip;]<\/p>\n","protected":false},"author":10,"featured_media":3360,"comment_status":"open","ping_status":"open","sticky":false,"template":"","format":"standard","meta":[],"categories":[29,26,57],"tags":[],"_links":{"self":[{"href":"https:\/\/www.cientificos.pe\/index.php?rest_route=\/wp\/v2\/posts\/3280"}],"collection":[{"href":"https:\/\/www.cientificos.pe\/index.php?rest_route=\/wp\/v2\/posts"}],"about":[{"href":"https:\/\/www.cientificos.pe\/index.php?rest_route=\/wp\/v2\/types\/post"}],"author":[{"embeddable":true,"href":"https:\/\/www.cientificos.pe\/index.php?rest_route=\/wp\/v2\/users\/10"}],"replies":[{"embeddable":true,"href":"https:\/\/www.cientificos.pe\/index.php?rest_route=%2Fwp%2Fv2%2Fcomments&post=3280"}],"version-history":[{"count":7,"href":"https:\/\/www.cientificos.pe\/index.php?rest_route=\/wp\/v2\/posts\/3280\/revisions"}],"predecessor-version":[{"id":3363,"href":"https:\/\/www.cientificos.pe\/index.php?rest_route=\/wp\/v2\/posts\/3280\/revisions\/3363"}],"wp:featuredmedia":[{"embeddable":true,"href":"https:\/\/www.cientificos.pe\/index.php?rest_route=\/wp\/v2\/media\/3360"}],"wp:attachment":[{"href":"https:\/\/www.cientificos.pe\/index.php?rest_route=%2Fwp%2Fv2%2Fmedia&parent=3280"}],"wp:term":[{"taxonomy":"category","embeddable":true,"href":"https:\/\/www.cientificos.pe\/index.php?rest_route=%2Fwp%2Fv2%2Fcategories&post=3280"},{"taxonomy":"post_tag","embeddable":true,"href":"https:\/\/www.cientificos.pe\/index.php?rest_route=%2Fwp%2Fv2%2Ftags&post=3280"}],"curies":[{"name":"wp","href":"https:\/\/api.w.org\/{rel}","templated":true}]}}