{"id":3532,"date":"2019-10-02T21:19:14","date_gmt":"2019-10-02T21:19:14","guid":{"rendered":"http:\/\/www.cientificos.pe\/?p=3532"},"modified":"2019-10-02T21:19:15","modified_gmt":"2019-10-02T21:19:15","slug":"celebra-la-semana-mundial-del-espacio-en-el-peru","status":"publish","type":"post","link":"https:\/\/www.cientificos.pe\/?p=3532","title":{"rendered":"Celebra la Semana Mundial del Espacio en el Per\u00fa"},"content":{"rendered":"<p><img loading=\"lazy\" class=\"wp-image-3535 alignright\" src=\"http:\/\/www.cientificos.pe\/wp-content\/uploads\/2019\/10\/71338217_2552593078304404_1528260088173690880_n-221x300.jpg\" alt=\"\" width=\"500\" height=\"679\" srcset=\"https:\/\/www.cientificos.pe\/wp-content\/uploads\/2019\/10\/71338217_2552593078304404_1528260088173690880_n-221x300.jpg 221w, https:\/\/www.cientificos.pe\/wp-content\/uploads\/2019\/10\/71338217_2552593078304404_1528260088173690880_n-310x420.jpg 310w, https:\/\/www.cientificos.pe\/wp-content\/uploads\/2019\/10\/71338217_2552593078304404_1528260088173690880_n.jpg 480w\" sizes=\"(max-width: 500px) 100vw, 500px\" \/><\/p>\n<p>Estamos por empezar la Semana Mundial del Espacio, que celebra el impacto profundo de la exploraci\u00f3n espacial en nuestras vidas. Puedes participar asistiendo a las charlas de <span style=\"font-size: inherit\">CONIDA, y aprender c\u00f3mo funcionan los cohetes, qu\u00e9 es el clima espacial y qu\u00e9 observatorios hay en nuestro pa\u00eds, entre otros temas.\u00a0<\/span><\/p>\n<p>La cita es el viernes 4 de octubre de 4:30 a 8 p.m. en el auditorio de la Agencia Espacial del Per\u00fa, en Luis F. Villar\u00e1n 1069, San Isidro. El ingreso es libre previa inscripci\u00f3n al enlace: <a href=\"http:\/\/bit.ly\/SemanaMundialdelEspacio\">http:\/\/bit.ly\/SemanaMundialdelEspacio<\/a><\/p>\n<p>La Semana Mundial del Espacio celebra el estudio del espacio y sus beneficios para nuestra sociedad. Va <span style=\"font-size: inherit\">del 4 al 10 de octubre, conmemorando el lanzamiento del Sputnik I, el primer sat\u00e9lite hecho por el hombre (4 de octubre de 1957) y el d\u00eda en que empez\u00f3 a tener validez el Tratado del Espacio Exterior (10 de octubre de 1967).\u00a0<\/span><\/p>\n\n","protected":false},"excerpt":{"rendered":"<p>Estamos por empezar la Semana Mundial del Espacio, que celebra el impacto profundo de la exploraci\u00f3n espacial en nuestras vidas. Puedes participar asistiendo a las charlas de CONIDA, y aprender c\u00f3mo funcionan los cohetes, qu\u00e9 es el clima espacial y qu\u00e9 observatorios hay en nuestro pa\u00eds, entre otros temas.\u00a0 La cita es el viernes 4 [&hellip;]<\/p>\n","protected":false},"author":10,"featured_media":0,"comment_status":"open","ping_status":"open","sticky":false,"template":"","format":"standard","meta":[],"categories":[29],"tags":[],"_links":{"self":[{"href":"https:\/\/www.cientificos.pe\/index.php?rest_route=\/wp\/v2\/posts\/3532"}],"collection":[{"href":"https:\/\/www.cientificos.pe\/index.php?rest_route=\/wp\/v2\/posts"}],"about":[{"href":"https:\/\/www.cientificos.pe\/index.php?rest_route=\/wp\/v2\/types\/post"}],"author":[{"embeddable":true,"href":"https:\/\/www.cientificos.pe\/index.php?rest_route=\/wp\/v2\/users\/10"}],"replies":[{"embeddable":true,"href":"https:\/\/www.cientificos.pe\/index.php?rest_route=%2Fwp%2Fv2%2Fcomments&post=3532"}],"version-history":[{"count":8,"href":"https:\/\/www.cientificos.pe\/index.php?rest_route=\/wp\/v2\/posts\/3532\/revisions"}],"predecessor-version":[{"id":3542,"href":"https:\/\/www.cientificos.pe\/index.php?rest_route=\/wp\/v2\/posts\/3532\/revisions\/3542"}],"wp:attachment":[{"href":"https:\/\/www.cientificos.pe\/index.php?rest_route=%2Fwp%2Fv2%2Fmedia&parent=3532"}],"wp:term":[{"taxonomy":"category","embeddable":true,"href":"https:\/\/www.cientificos.pe\/index.php?rest_route=%2Fwp%2Fv2%2Fcategories&post=3532"},{"taxonomy":"post_tag","embeddable":true,"href":"https:\/\/www.cientificos.pe\/index.php?rest_route=%2Fwp%2Fv2%2Ftags&post=3532"}],"curies":[{"name":"wp","href":"https:\/\/api.w.org\/{rel}","templated":true}]}}