{"id":360,"date":"2019-08-14T13:00:39","date_gmt":"2019-08-14T13:00:39","guid":{"rendered":"http:\/\/159.203.74.176\/?p=360"},"modified":"2020-08-28T09:19:27","modified_gmt":"2020-08-28T09:19:27","slug":"caravana-judia-en-el-siglo-xxi","status":"publish","type":"post","link":"https:\/\/www.cientificos.pe\/?p=360","title":{"rendered":"Caravana de la di\u00e1spora cient\u00edfica en el siglo XXI (Blog)"},"content":{"rendered":"<p style=\"text-align: justify;\">Fueron tantas las dudas que rondaban los pensamientos de Mart\u00edn siempre relacionadas con de su retorno al Per\u00fa, que me anim\u00e9 a tener otro encuentro con \u00e9l, aprovechando su viaje a Par\u00eds, en estas sus \u00faltimas vacaciones previas a la fiscalizaci\u00f3n de su doctorado. El lugar escogido de mutuo acuerdo (econ\u00f3mico y social) fue el \u00faltimo escal\u00f3n del lado izquierdo del Trocadero, en frente a la torre Eiffel, a las 16H de un primero de mayo en el 2014. Como si el destino y la suerte estuvieran de nuestro lado, esa tarde nos acompa\u00f1ar\u00eda durante esta tertulia, la entra\u00f1able m\u00fasica de los andes, pues un grupo folcl\u00f3rico latinoamericano har\u00eda bailar a los turistas toda la tarde, a pocos metros del lugar en donde conversar\u00edamos de todos sus miedos.<!--more--><\/p>\n<p style=\"text-align: justify;\">Se dice que el ser humano por naturaleza tiene miedo a los cambios, yo sospecho que Newton pens\u00f3 lo mismo cuando defin\u00eda el estado de equilibrio y claro Mart\u00edn, a pesar de su condici\u00f3n de ser humano promedio no sent\u00eda miedo, sent\u00eda mucha angustia al cambio. Lo not\u00e9 cuando me cont\u00f3 sobre lo que se espera de los estudiantes que terminan un doctorado en Reino Unido, especialmente en el \u00e1rea de la gen\u00e9tica. Seg\u00fan Mart\u00edn el ten\u00eda dos opciones, buscar un trabajo en alguna empresa privada (yo creo que clonando ovejas verdes) o encontrar una estancia postdoctoral que le permitiera seguir su trabajo de investigaci\u00f3n en alg\u00fan laboratorio del mundo. Lamentablemente Mart\u00edn vive la crisis econ\u00f3mica europea muy de cerca, solo en ciertos gobiernos no han reducido el dinero para las investigaciones (becas en todos los niveles y dinero para proyectos), m\u00e1s a\u00fan, los pocos pa\u00edses que todav\u00eda apuestan por la investigaci\u00f3n son aquellos que venden nuevas tecnolog\u00edas. No puedo dejar de mencionar que le ped\u00ed que guardara su Iphone despu\u00e9s de mirar la hora, 6pm, no quer\u00eda jugarle bromas.<\/p>\n<p style=\"text-align: justify;\">Mart\u00edn tiene miedo de seguir los pasos de la mayor\u00eda de postdocs peruanos que conoce. Si \u00e9l no es capaz de encontrar un lugar dentro de la industria, deber\u00e1 tomar alguna estancia postdoctoral, y luego otra y luego otra\u2026\u2026 hasta que en alg\u00fan momento logre los cr\u00e9ditos respectivos para ser aceptado como un investigador permanente en alg\u00fan pa\u00eds fr\u00edo de Europa o profesor universitario. \u00bfY volver al Per\u00fa? No puedo, me responde muy triste. Todav\u00eda no existen las condiciones, ni los medios, ni el marco legal para que Mart\u00edn transmita sus conocimientos como profesor en una universidad p\u00fablica.\u00a0Desde hace muchos a\u00f1os muchos cient\u00edficos calificados con 3 o 4 estancias postdoctorales en sus curriculums viajan de pa\u00eds en pa\u00eds, amargados por no tener posiciones fijas, haciendo que recordemos los viajes sin fin de los jud\u00edos desde el comienzo de la historia. Toda esta confersacion transcurre, mientras la torre Eiffel nos deleita con sus luces, ya son las 8pm, el vino se acaba y la m\u00fasica nos saca, a pesar de todo una sonrisa.<\/p>\n<p style=\"text-align: justify;\">Yo le pregunto a Mart\u00edn sobre el nombre de la canci\u00f3n que resuena a lo lejos. Es\u00a0 \u2018\u2019El Huamauque\u00f1o\u2019\u2019 me responde. \u00bfEs Peruana?. No, es universal, como los cient\u00edficos, no importa de qu\u00e9 parte de los Andes sea la canci\u00f3n, lo que importa es que todos la disfrutamos. Mart\u00edn no quiere ser como un jud\u00edo deambulando por el desierto y siente una melancolia muy grande. No tiene todav\u00eda las condiciones para volver a su patria, debe seguir fuera del pa\u00eds, lejos de la familia.<\/p>\n<p style=\"text-align: justify;\">Esa noche, como todas las noches en las que trato de visualizar la soluci\u00f3n los problemas del mundo,\u00a0hablamos de mi decreto ley. Este promueve un retorno masivo de cient\u00edficos del mundo hacia el Per\u00fa, para comenzar a formar las bases del desarrollo en \u00e1reas claves. Formando a las nuevas generaciones y repatriando (en serio), con una estabilidad laboral que ponga por encima al ser humano, repatriando e incorporando a los mejores peruanos que tienen, ese cari\u00f1o hacia su patria. Total, al fin y al cabo mi ley tendria nombre propio. Lo importante es que Mart\u00edn pueda volver para devolverle al Per\u00fa todo lo que hizo por \u00e9l.<\/p>\n<p>Personaje de Ficci\u00f3n<\/p>\n<p>Actualizaci\u00f3n 2019: Se ha empezado a tomar en serio la repatriaci\u00f3n de cuadros calificados para aportar a la CTI en el Per\u00fa. A\u00fan sin tener un r\u00e9gimen laboral a largo plazo se han puesto sobre la mesa:<\/p>\n<ol>\n<li>La creaci\u00f3n de la carrera del investigador cientifico<\/li>\n<li>La creaci\u00f3n de un ministerio de Ciencia y Tecnolog\u00eda.<\/li>\n<\/ol>\n","protected":false},"excerpt":{"rendered":"<p>Fueron tantas las dudas que rondaban los pensamientos de Mart\u00edn siempre relacionadas con de su retorno al Per\u00fa, que me anim\u00e9 a tener otro encuentro con \u00e9l, aprovechando su viaje a Par\u00eds, en estas sus \u00faltimas vacaciones previas a la fiscalizaci\u00f3n de su doctorado. El lugar escogido de mutuo acuerdo (econ\u00f3mico y social) fue el [&hellip;]<\/p>\n","protected":false},"author":5,"featured_media":3398,"comment_status":"open","ping_status":"open","sticky":false,"template":"","format":"standard","meta":[],"categories":[19,29,141],"tags":[52,190,191,161,189,51,109,53],"_links":{"self":[{"href":"https:\/\/www.cientificos.pe\/index.php?rest_route=\/wp\/v2\/posts\/360"}],"collection":[{"href":"https:\/\/www.cientificos.pe\/index.php?rest_route=\/wp\/v2\/posts"}],"about":[{"href":"https:\/\/www.cientificos.pe\/index.php?rest_route=\/wp\/v2\/types\/post"}],"author":[{"embeddable":true,"href":"https:\/\/www.cientificos.pe\/index.php?rest_route=\/wp\/v2\/users\/5"}],"replies":[{"embeddable":true,"href":"https:\/\/www.cientificos.pe\/index.php?rest_route=%2Fwp%2Fv2%2Fcomments&post=360"}],"version-history":[{"count":19,"href":"https:\/\/www.cientificos.pe\/index.php?rest_route=\/wp\/v2\/posts\/360\/revisions"}],"predecessor-version":[{"id":4677,"href":"https:\/\/www.cientificos.pe\/index.php?rest_route=\/wp\/v2\/posts\/360\/revisions\/4677"}],"wp:featuredmedia":[{"embeddable":true,"href":"https:\/\/www.cientificos.pe\/index.php?rest_route=\/wp\/v2\/media\/3398"}],"wp:attachment":[{"href":"https:\/\/www.cientificos.pe\/index.php?rest_route=%2Fwp%2Fv2%2Fmedia&parent=360"}],"wp:term":[{"taxonomy":"category","embeddable":true,"href":"https:\/\/www.cientificos.pe\/index.php?rest_route=%2Fwp%2Fv2%2Fcategories&post=360"},{"taxonomy":"post_tag","embeddable":true,"href":"https:\/\/www.cientificos.pe\/index.php?rest_route=%2Fwp%2Fv2%2Ftags&post=360"}],"curies":[{"name":"wp","href":"https:\/\/api.w.org\/{rel}","templated":true}]}}