{"id":3630,"date":"2019-11-19T21:38:08","date_gmt":"2019-11-19T21:38:08","guid":{"rendered":"http:\/\/www.cientificos.pe\/?p=3630"},"modified":"2020-02-23T11:00:24","modified_gmt":"2020-02-23T11:00:24","slug":"peru-con-ciencia-presento-proyectos-destinados-a-mejorar-la-vida-de-las-personas-y-cuidado-del-medio-ambiente","status":"publish","type":"post","link":"https:\/\/www.cientificos.pe\/?p=3630","title":{"rendered":"\u201cPer\u00fa con Ciencia\u201d present\u00f3 proyectos destinados a mejorar la vida de las personas y cuidado del medio ambiente"},"content":{"rendered":"\n<figure class=\"wp-block-image\"><img loading=\"lazy\" width=\"1024\" height=\"683\" src=\"http:\/\/www.cientificos.pe\/wp-content\/uploads\/2019\/11\/DSC5202-1024x683.jpg\" alt=\"\" class=\"wp-image-3631\" srcset=\"https:\/\/www.cientificos.pe\/wp-content\/uploads\/2019\/11\/DSC5202-1024x683.jpg 1024w, https:\/\/www.cientificos.pe\/wp-content\/uploads\/2019\/11\/DSC5202-300x200.jpg 300w, https:\/\/www.cientificos.pe\/wp-content\/uploads\/2019\/11\/DSC5202-768x512.jpg 768w, https:\/\/www.cientificos.pe\/wp-content\/uploads\/2019\/11\/DSC5202-696x464.jpg 696w, https:\/\/www.cientificos.pe\/wp-content\/uploads\/2019\/11\/DSC5202-1068x712.jpg 1068w, https:\/\/www.cientificos.pe\/wp-content\/uploads\/2019\/11\/DSC5202-630x420.jpg 630w\" sizes=\"(max-width: 1024px) 100vw, 1024px\" \/><figcaption> <em>La feria \u201cPer\u00fa con Ciencia\u201d estuvo abierta al p\u00fablico general en el Mall Plaza de Trujillo, del 8 al 10 de noviembre de 2019, y cont\u00f3 con m\u00e1s de 30 instituciones expositoras y m\u00e1s de 200 estudiantes de todo el pa\u00eds, todos con proyectos en ciencia y tecnolog\u00eda.<\/em><\/figcaption><\/figure>\n\n\n\n<p>El Consejo Nacional de Ciencia, Tecnolog\u00eda e Innovaci\u00f3n Tecnol\u00f3gica (Concytec) llev\u00f3 a cabo la feria \u201cPer\u00fa con Ciencia\u201d, que, por primera vez, se descentraliz\u00f3 y tuvo como escenario a la ciudad de Trujillo, donde participaron m\u00e1s de 30 instituciones entre universidades, institutos p\u00fablicos de investigaci\u00f3n y empresas tecnol\u00f3gicas e innovadoras, con cerca de 100 proyectos de investigaci\u00f3n.<\/p>\n<p>La presidenta del Concytec, Fabiola Le\u00f3n-Velarde, destac\u00f3 la apertura de las autoridades regionales y provinciales, sector empresarial y universidades de la macrorregi\u00f3n norte por realizar \u201cPer\u00fa con Ciencia\u201d y asegur\u00f3 que \u201cbuscamos que la feria permita articular a la academia con el sector productivo y atender las necesidades de la regi\u00f3n. En este gobierno estamos apostando por tener m\u00e1s estrategias y mayor financiamiento para la ciencia y tecnolog\u00eda\u201d.<\/p>\n<p>En ese sentido, record\u00f3 la promulgaci\u00f3n del Plan Nacional de Competitividad y Productividad (PNPC), que a trav\u00e9s de su tercer objetivo busca consolidar el cuerpo de investigadores para cerrar la brecha existente, promover un centro de innovaci\u00f3n y oficinas descentralizadas del Concytec.<\/p>\n\n\n\n<figure class=\"wp-block-image\"><img loading=\"lazy\" width=\"1024\" height=\"683\" src=\"http:\/\/www.cientificos.pe\/wp-content\/uploads\/2019\/11\/DSC4990-1024x683.jpg\" alt=\"\" class=\"wp-image-3632\" srcset=\"https:\/\/www.cientificos.pe\/wp-content\/uploads\/2019\/11\/DSC4990-1024x683.jpg 1024w, https:\/\/www.cientificos.pe\/wp-content\/uploads\/2019\/11\/DSC4990-300x200.jpg 300w, https:\/\/www.cientificos.pe\/wp-content\/uploads\/2019\/11\/DSC4990-768x512.jpg 768w, https:\/\/www.cientificos.pe\/wp-content\/uploads\/2019\/11\/DSC4990-696x464.jpg 696w, https:\/\/www.cientificos.pe\/wp-content\/uploads\/2019\/11\/DSC4990-1068x712.jpg 1068w, https:\/\/www.cientificos.pe\/wp-content\/uploads\/2019\/11\/DSC4990-630x420.jpg 630w\" sizes=\"(max-width: 1024px) 100vw, 1024px\" \/><figcaption> <em>Fabiola Le\u00f3n-Velarde, presidenta del Concytec, en la inauguraci\u00f3n de la feria \u201cPer\u00fa con Ciencia\u201d<\/em><\/figcaption><\/figure>\n\n\n\n<p>\u201cYa hemos firmado un convenio con el gobierno regional de Cajamarca y esperamos firmar pronto con el gobierno regional de La Libertad, ya que me han expresado su disponibilidad de apoyar para empezar a trabajar juntos en la oficina descentralizada. Nosotros pondremos recursos adicionales y la generaci\u00f3n de capacidades para vincular a la academia con el sector productivo\u201d, enfatiz\u00f3 la titular del Concytec.<\/p>\n\n\n\n<h2>Feria \u201cPer\u00fa con Ciencia\u201d<\/h2>\n\n\n\n<p>\u201cPer\u00fa con Ciencia\u201d es organizada por el Concytec y, en esta versi\u00f3n descentralizada, cont\u00f3 tambi\u00e9n con el apoyo del Gobierno Regional de la Libertad, la Municipalidad Provincial de Trujillo, la C\u00e1mara de Comercio de La Libertad, la Universidad Nacional de Trujillo y la Universidad Privada Antenor Orrego.<\/p>\n<p>Se trata de la feria cient\u00edfica m\u00e1s grande e importante del pa\u00eds, donde participaron m\u00e1s de 30 instituciones expositoras, que presentaron cerca de 100 proyectos destinados, principalmente, a mejorar la vida de las personas y al cuidado del medio ambiente.<\/p>\n<p>En esta primera versi\u00f3n descentralizada de \u201cPer\u00fa con Ciencia\u201d, destacaron proyectos como una nueva prueba sencilla, a bajo costo y mucho m\u00e1s efectiva, para la detecci\u00f3n de c\u00e1ncer de cuello uterino \u2014el segundo en causa de muerte entre mujeres en el Per\u00fa\u2014, denominada Proyecto HOPE, a cargo de la Universidad Peruana Cayetano Heredia.<\/p>\n\n\n\n<figure class=\"wp-block-image\"><img loading=\"lazy\" width=\"1024\" height=\"576\" src=\"http:\/\/www.cientificos.pe\/wp-content\/uploads\/2019\/11\/hope-ursula-1024x576.png\" alt=\"\" class=\"wp-image-3633\" srcset=\"https:\/\/www.cientificos.pe\/wp-content\/uploads\/2019\/11\/hope-ursula-1024x576.png 1024w, https:\/\/www.cientificos.pe\/wp-content\/uploads\/2019\/11\/hope-ursula-300x169.png 300w, https:\/\/www.cientificos.pe\/wp-content\/uploads\/2019\/11\/hope-ursula-768x432.png 768w, https:\/\/www.cientificos.pe\/wp-content\/uploads\/2019\/11\/hope-ursula-696x392.png 696w, https:\/\/www.cientificos.pe\/wp-content\/uploads\/2019\/11\/hope-ursula-1068x601.png 1068w, https:\/\/www.cientificos.pe\/wp-content\/uploads\/2019\/11\/hope-ursula-747x420.png 747w, https:\/\/www.cientificos.pe\/wp-content\/uploads\/2019\/11\/hope-ursula.png 1920w\" sizes=\"(max-width: 1024px) 100vw, 1024px\" \/><figcaption> <em>\u00darsula Hurtado, CEO de&nbsp;<a href=\"http:\/\/www.hope.org.pe\/\">Hope<\/a>, proyecto de la UPCH que desarroll\u00f3 una prueba de autotoma para el c\u00e1ncer de cuello uterino<\/em><\/figcaption><\/figure>\n\n\n\n<figure class=\"wp-block-image\"><img loading=\"lazy\" width=\"1024\" height=\"683\" src=\"http:\/\/www.cientificos.pe\/wp-content\/uploads\/2019\/11\/water-power-1024x683.jpg\" alt=\"\" class=\"wp-image-3634\" srcset=\"https:\/\/www.cientificos.pe\/wp-content\/uploads\/2019\/11\/water-power-1024x683.jpg 1024w, https:\/\/www.cientificos.pe\/wp-content\/uploads\/2019\/11\/water-power-300x200.jpg 300w, https:\/\/www.cientificos.pe\/wp-content\/uploads\/2019\/11\/water-power-768x512.jpg 768w, https:\/\/www.cientificos.pe\/wp-content\/uploads\/2019\/11\/water-power-696x464.jpg 696w, https:\/\/www.cientificos.pe\/wp-content\/uploads\/2019\/11\/water-power-1068x712.jpg 1068w, https:\/\/www.cientificos.pe\/wp-content\/uploads\/2019\/11\/water-power-630x420.jpg 630w\" sizes=\"(max-width: 1024px) 100vw, 1024px\" \/><figcaption> <em>Dr. Carlos Linares, CEO de&nbsp;<a href=\"http:\/\/www.waterpowergroup.com\/\">Water Power<\/a>, presenta esta iniciativa sanmarquina que desarrolla combustible a base de hidr\u00f3geno obtenido de agua de mar<\/em><\/figcaption><\/figure>\n\n\n\n<figure class=\"wp-block-image\"><img loading=\"lazy\" width=\"1024\" height=\"576\" src=\"http:\/\/www.cientificos.pe\/wp-content\/uploads\/2019\/11\/zapato-gps-1024x576.jpg\" alt=\"\" class=\"wp-image-3635\" srcset=\"https:\/\/www.cientificos.pe\/wp-content\/uploads\/2019\/11\/zapato-gps-1024x576.jpg 1024w, https:\/\/www.cientificos.pe\/wp-content\/uploads\/2019\/11\/zapato-gps-300x169.jpg 300w, https:\/\/www.cientificos.pe\/wp-content\/uploads\/2019\/11\/zapato-gps-768x432.jpg 768w, https:\/\/www.cientificos.pe\/wp-content\/uploads\/2019\/11\/zapato-gps-696x392.jpg 696w, https:\/\/www.cientificos.pe\/wp-content\/uploads\/2019\/11\/zapato-gps-1068x601.jpg 1068w, https:\/\/www.cientificos.pe\/wp-content\/uploads\/2019\/11\/zapato-gps-746x420.jpg 746w\" sizes=\"(max-width: 1024px) 100vw, 1024px\" \/><figcaption> <em>Mg. Richard Aguilar y Sr. Lorenzo Aguilar, de la&nbsp;<a href=\"http:\/\/www.rs7.pe\/\">empresa RS7<\/a>, presentan un calzado con GPS, ideado y fabricado en Trujillo<\/em><\/figcaption><\/figure>\n\n\n\n<figure class=\"wp-block-image\"><img loading=\"lazy\" width=\"1024\" height=\"576\" src=\"http:\/\/www.cientificos.pe\/wp-content\/uploads\/2019\/11\/unprg-1024x576.jpg\" alt=\"\" class=\"wp-image-3636\" srcset=\"https:\/\/www.cientificos.pe\/wp-content\/uploads\/2019\/11\/unprg-1024x576.jpg 1024w, https:\/\/www.cientificos.pe\/wp-content\/uploads\/2019\/11\/unprg-300x169.jpg 300w, https:\/\/www.cientificos.pe\/wp-content\/uploads\/2019\/11\/unprg-768x432.jpg 768w, https:\/\/www.cientificos.pe\/wp-content\/uploads\/2019\/11\/unprg-696x392.jpg 696w, https:\/\/www.cientificos.pe\/wp-content\/uploads\/2019\/11\/unprg-1068x601.jpg 1068w, https:\/\/www.cientificos.pe\/wp-content\/uploads\/2019\/11\/unprg-746x420.jpg 746w\" sizes=\"(max-width: 1024px) 100vw, 1024px\" \/><figcaption> <em>Br. Cecilia V\u00e1squez y Lic. Boris Esquerre, de la Universidad Nacional Pedro Ruiz Gallo, presentan iniciativas de conservaci\u00f3n de plantas del bosque seco por el Laboratorio General de Biotecnolog\u00eda<\/em><\/figcaption><\/figure>\n\n\n\n<p>Asimismo, la empresa RS7 present\u00f3 un zapato con GPS que ser\u00e1 de gran ayuda para el cuidado de personas de la tercera edad y pacientes con alguna discapacidad mental, cuyos cuidadores requieran saber d\u00f3nde se encuentran a todo momento. En palabras de su creador, \u201cun calzado trujillano, basado en una idea tambi\u00e9n trujillana\u201d.<\/p>\n<p>Finalmente, destacamos algunos proyectos universitarios, tales como: \u201cWater power\u201d, de la Universidad Nacional Mayor de San Marcos (UNMSM), que propone emplear gas hidr\u00f3geno obtenido del agua de mar como combustible, \u201cTecnolog\u00edas para el tratamiento de efluentes de curtiembre con el uso de membranas polim\u00e9ricas y generaci\u00f3n de energ\u00eda\u201d, de la Universidad Nacional de Trujillo (UNT), y \u201cCultivo de tejidos vegetales\u201d, de la Universidad Nacional Pedro Ruiz Gallo.<\/p>\n\n\n\n<h2>Feria escolar \u201cEureka!\u201d<\/h2>\n\n\n\n<p>Adem\u00e1s de investigadores, la feria congreg\u00f3 a m\u00e1s de 200 estudiantes de los 26 departamentos del Per\u00fa, participantes de Eureka!, la Feria Escolar Nacional de Ciencia y Tecnolog\u00eda, que acompa\u00f1ados de sus profesores presentaron sus proyectos de investigaci\u00f3n finalistas en las cuatro categor\u00edas del concurso: Ciencias ambientales, Ciencias b\u00e1sicas, Ciencias sociales y Tecnolog\u00eda e ingenier\u00eda. Resaltamos su gran entusiasmo y compromiso.<\/p>\n<p><em>Agradecimientos<\/em>: Oficina de Comunicaciones y Proyecci\u00f3n de CTI<\/p>\n","protected":false},"excerpt":{"rendered":"<p>El Consejo Nacional de Ciencia, Tecnolog\u00eda e Innovaci\u00f3n Tecnol\u00f3gica (Concytec) llev\u00f3 a cabo la feria \u201cPer\u00fa con Ciencia\u201d, que, por primera vez, se descentraliz\u00f3 y tuvo como escenario a la ciudad de Trujillo, donde participaron m\u00e1s de 30 instituciones entre universidades, institutos p\u00fablicos de investigaci\u00f3n y empresas tecnol\u00f3gicas e innovadoras, con cerca de 100 proyectos [&hellip;]<\/p>\n","protected":false},"author":10,"featured_media":3631,"comment_status":"open","ping_status":"open","sticky":false,"template":"","format":"standard","meta":[],"categories":[29],"tags":[214,20,212],"_links":{"self":[{"href":"https:\/\/www.cientificos.pe\/index.php?rest_route=\/wp\/v2\/posts\/3630"}],"collection":[{"href":"https:\/\/www.cientificos.pe\/index.php?rest_route=\/wp\/v2\/posts"}],"about":[{"href":"https:\/\/www.cientificos.pe\/index.php?rest_route=\/wp\/v2\/types\/post"}],"author":[{"embeddable":true,"href":"https:\/\/www.cientificos.pe\/index.php?rest_route=\/wp\/v2\/users\/10"}],"replies":[{"embeddable":true,"href":"https:\/\/www.cientificos.pe\/index.php?rest_route=%2Fwp%2Fv2%2Fcomments&post=3630"}],"version-history":[{"count":2,"href":"https:\/\/www.cientificos.pe\/index.php?rest_route=\/wp\/v2\/posts\/3630\/revisions"}],"predecessor-version":[{"id":3700,"href":"https:\/\/www.cientificos.pe\/index.php?rest_route=\/wp\/v2\/posts\/3630\/revisions\/3700"}],"wp:featuredmedia":[{"embeddable":true,"href":"https:\/\/www.cientificos.pe\/index.php?rest_route=\/wp\/v2\/media\/3631"}],"wp:attachment":[{"href":"https:\/\/www.cientificos.pe\/index.php?rest_route=%2Fwp%2Fv2%2Fmedia&parent=3630"}],"wp:term":[{"taxonomy":"category","embeddable":true,"href":"https:\/\/www.cientificos.pe\/index.php?rest_route=%2Fwp%2Fv2%2Fcategories&post=3630"},{"taxonomy":"post_tag","embeddable":true,"href":"https:\/\/www.cientificos.pe\/index.php?rest_route=%2Fwp%2Fv2%2Ftags&post=3630"}],"curies":[{"name":"wp","href":"https:\/\/api.w.org\/{rel}","templated":true}]}}