{"id":3748,"date":"2020-04-02T18:01:23","date_gmt":"2020-04-02T18:01:23","guid":{"rendered":"http:\/\/www.cientificos.pe\/?p=3748"},"modified":"2020-04-20T11:09:40","modified_gmt":"2020-04-20T11:09:40","slug":"por-una-sociedad-peruana-que-mire-a-la-ciencia-con-confianza-y-respeto","status":"publish","type":"post","link":"https:\/\/www.cientificos.pe\/?p=3748","title":{"rendered":"[Art\u00edculo de opini\u00f3n] Por una sociedad peruana que mire a la ciencia con confianza y respeto"},"content":{"rendered":"\n<p style=\"text-align: justify;\">La grave crisis desatada por el SARS-CoV-2 adem\u00e1s de traernos miedo e incertidumbre sin precedentes, tambi\u00e9n nos ha forzado a pararlo casi todo y de repente tenemos un tiempo extra para repensarnos como seres sociales y tambi\u00e9n repensar nuestro pa\u00eds y el mundo m\u00e1s all\u00e1 de nuestro querido terru\u00f1o. Sin a\u00fan entenderlo del todo, los medios masivos de comunicaci\u00f3n comenzaron a hablar de curvas modeladas matem\u00e1ticamente, \u201clockdowns\u201d, respiradores mec\u00e1nicos redise\u00f1ados, RT-PCR, pruebas moleculares, m\u00e1scaras que ofrec\u00edan diversos grados de protecci\u00f3n, vacunas contra el virus enemigo, aislamiento social obligatorio y otros conceptos que raramente eran usados por la poblaci\u00f3n y que fueron ganando espacio en las conversaciones y los diversos medios de comunicaci\u00f3n e interacci\u00f3n social. De pronto, Eureka!, <strong>descubrimos que los cient\u00edficos son importantes para guiar las decisiones pol\u00edticas<\/strong>, por el simple hecho de que en una situaci\u00f3n como la pandemia que a\u00fan estamos viviendo, las decisiones asumidas por los pol\u00edticos tienen que ser necesariamente basadas en la ciencia. <img loading=\"lazy\" class=\"size-medium wp-image-3754 alignleft\" src=\"http:\/\/www.cientificos.pe\/wp-content\/uploads\/2020\/04\/i93877-coronavirus-origine-300x173.jpeg\" alt=\"\" width=\"300\" height=\"173\" srcset=\"https:\/\/www.cientificos.pe\/wp-content\/uploads\/2020\/04\/i93877-coronavirus-origine-300x173.jpeg 300w, https:\/\/www.cientificos.pe\/wp-content\/uploads\/2020\/04\/i93877-coronavirus-origine-768x443.jpeg 768w, https:\/\/www.cientificos.pe\/wp-content\/uploads\/2020\/04\/i93877-coronavirus-origine-696x402.jpeg 696w, https:\/\/www.cientificos.pe\/wp-content\/uploads\/2020\/04\/i93877-coronavirus-origine-728x420.jpeg 728w, https:\/\/www.cientificos.pe\/wp-content\/uploads\/2020\/04\/i93877-coronavirus-origine.jpeg 1000w\" sizes=\"(max-width: 300px) 100vw, 300px\" \/><\/p>\n<p style=\"text-align: justify;\">Es la ciencia que hace posible la (re)invenci\u00f3n de los respiradores que tanto necesitamos, el desarrollo de nuevos m\u00e9todos de detecci\u00f3n del virus es realizado por cient\u00edficos, es la ciencia que te explicar\u00e1 con evidencias por qu\u00e9 quedarte en casa contribuir\u00e1 a minimizar el n\u00famero efectivo de contagios, son los cient\u00edficos que te dir\u00e1n cu\u00e1les son las posibilidades de encontrar una cura, son ellos los que estar\u00e1n trabajando incansablemente para hallar la mejor estrategia para combatir los efectos patol\u00f3gicos de la infecci\u00f3n, son ellos los responsables de dise\u00f1ar nuevos sistemas de monitoreo de los casos, de proyectar las medidas de contenci\u00f3n de la pandemia, adem\u00e1s de un largo sinf\u00edn de cosas que har\u00edan la situaci\u00f3n infinitamente peor en ausencia de la comunidad cient\u00edfica.<\/p>\n<p style=\"text-align: justify;\">En este sentido la pandemia del CoVid-19 nos ha dado la oportunidad de repensar el papel que tienen los cient\u00edficos en nuestra sociedad peruana. Es curioso c\u00f3mo un evento tr\u00e1gico podr\u00eda servirnos para promover la fundaci\u00f3n de un tiempo nuevo en que el Estado acoja a la comunidad cient\u00edfica como uno de sus pilares principales de desarrollo y nos tomen en consideraci\u00f3n en la toma de decisiones. Sin embargo, un paso necesario para conseguirlo ser\u00e1 unirnos previamente para sumarnos activamente a este proceso de reposicionamiento de la ciencia como elemento clave del bienestar social.<\/p>\n<p style=\"text-align: justify;\">Vamos a llenar los espacios de comunicaci\u00f3n de informaci\u00f3n cient\u00edfica importante y oportuna, de propuestas fundamentadas, vamos a acercarnos a las personas para divulgar lo que haga falta con objetividad y humildad profesional, vamos a hacer que conf\u00eden m\u00e1s en los cient\u00edficos que en los charlatanes o pseudo-cient\u00edficos que tanto abundan, \u00e9sta es nuestra oportunidad, no la desperdiciemos. S\u00f3lo lo lograremos si adem\u00e1s peleamos unidos para recuperar condiciones dignas de trabajo, si nos agrupamos para forzar el mejoramiento de nuestra infraestructura cient\u00edfico-educativa. Es hora de comenzar a llevar la ciencia a las provincias, a las escuelas, a los sectores m\u00e1s necesitados, hora de aplicarla para salir de nuestra condici\u00f3n de pa\u00eds casi invisible en el mapa de producci\u00f3n de conocimiento cient\u00edfico de impacto internacional.<\/p>\n<p style=\"text-align: justify;\">Es la propia ciencia que prev\u00e9 el advenimiento de otras tragedias de alcance global originadas por diversas causas y necesitaremos estar preparados para asumir esos nuevos retos, por lo tanto tenemos que ser capaces de tener una sociedad capaz de desarrollar sus propias soluciones, en vez de ser un pa\u00eds que solo compra, alquila o adapta las soluciones creadas por otros. En tiempos donde el mundo entero necesita de los mismos recursos y soluciones, como en la actual crisis, lo \u00fanico que nos podr\u00eda dar espacio a resolver nuestros desaf\u00edos eficientemente ser\u00eda producir localmente lo necesario para implementar nuestras propias soluciones en el \u00e1mbito nacional.<\/p>\n<p style=\"text-align: justify;\">Por otra parte, es iluso creer que invertir m\u00e1s recursos financieros, aunque sea un punto cr\u00edtico para el desarrollo cient\u00edfico, mejorar\u00e1 autom\u00e1ticamente el panorama actual en nuestro pa\u00eds pues necesitamos planes sostenidos de formaci\u00f3n de personal altamente calificado en las universidades y dem\u00e1s instituciones educativas, programas de incentivos para que dedicarse a la investigaci\u00f3n cient\u00edfica sea una opci\u00f3n atractiva de realizaci\u00f3n profesional para los j\u00f3venes, necesitamos de muchas becas y subvenciones para democratizar el acceso a la formaci\u00f3n cient\u00edfica y educaci\u00f3n basada en evidencias en todos sus niveles. Otro punto importante es continuar avanzando en el esfuerzo emprendido para instituir est\u00e1ndares m\u00ednimos de calidad en nuestras instituciones, con el objetivo de conseguir articular buena educaci\u00f3n escolar primaria y secundaria con un buen desempe\u00f1o de los estudiantes en universidades competitivas adecuadas a est\u00e1ndares internacionales de calidad.<\/p>\n<figure id=\"attachment_3756\" aria-describedby=\"caption-attachment-3756\" style=\"width: 300px\" class=\"wp-caption alignright\"><img loading=\"lazy\" class=\"wp-image-3756 size-medium\" src=\"http:\/\/www.cientificos.pe\/wp-content\/uploads\/2020\/04\/SINAPSIS-Barcelona-300x186.jpg\" alt=\"\" width=\"300\" height=\"186\" srcset=\"https:\/\/www.cientificos.pe\/wp-content\/uploads\/2020\/04\/SINAPSIS-Barcelona-300x186.jpg 300w, https:\/\/www.cientificos.pe\/wp-content\/uploads\/2020\/04\/SINAPSIS-Barcelona-768x475.jpg 768w, https:\/\/www.cientificos.pe\/wp-content\/uploads\/2020\/04\/SINAPSIS-Barcelona-1024x634.jpg 1024w, https:\/\/www.cientificos.pe\/wp-content\/uploads\/2020\/04\/SINAPSIS-Barcelona-356x220.jpg 356w, https:\/\/www.cientificos.pe\/wp-content\/uploads\/2020\/04\/SINAPSIS-Barcelona-696x431.jpg 696w, https:\/\/www.cientificos.pe\/wp-content\/uploads\/2020\/04\/SINAPSIS-Barcelona-1068x661.jpg 1068w, https:\/\/www.cientificos.pe\/wp-content\/uploads\/2020\/04\/SINAPSIS-Barcelona-679x420.jpg 679w, https:\/\/www.cientificos.pe\/wp-content\/uploads\/2020\/04\/SINAPSIS-Barcelona.jpg 1600w\" sizes=\"(max-width: 300px) 100vw, 300px\" \/><figcaption id=\"caption-attachment-3756\" class=\"wp-caption-text\">Diaspora cient\u00edfica peruana en Europa reunida en SINAPSIS 2018 Barcelona, III Encuentro de Cient\u00edficos Peruanos en Europa. www.sinapsis-peru.org<\/figcaption><\/figure>\n<p style=\"text-align: justify;\">Otro asunto esencial a abordar ser\u00eda la desburocratizaci\u00f3n de la gesti\u00f3n de los recursos destinados a la ciencia en nuestro pa\u00eds, toda vez que buena parte del tiempo de ejecuci\u00f3n de los proyectos de investigaci\u00f3n es invertido en resolver un sinn\u00famero de barreras burocr\u00e1tico-administrativas locales. Finalmente, deber\u00edan ser debatidas cuestiones cr\u00edticas como el fortalecimiento de nuestras instituciones de fomento a la ciencia, la participaci\u00f3n creciente de los sectores sociales menos representados en actividades cient\u00edficas, as\u00ed como el reconocimiento de la profesi\u00f3n de investigador cient\u00edfico y sus derechos laborales.<\/p>\n<p style=\"text-align: justify;\">Consideremos aprovechar positivamente este momento sombr\u00edo para impulsar una sociedad peruana m\u00e1s inclusiva, eficiente y basada en el conocimiento cient\u00edfico, pues \u00e9sto ser\u00e1 determinante para vencer los m\u00faltiples desaf\u00edos que se avecinan en un futuro cercano.<\/p>\n<p style=\"text-align: justify;\">Mostremos que es posible, las futuras generaciones de peruanos lo agradecer\u00e1n profundamente.<\/p>\n<p><img loading=\"lazy\" class=\"alignnone size-medium wp-image-3751\" src=\"http:\/\/www.cientificos.pe\/wp-content\/uploads\/2020\/04\/Robert-Bernedo-200x300.jpg\" alt=\"\" width=\"200\" height=\"300\" srcset=\"https:\/\/www.cientificos.pe\/wp-content\/uploads\/2020\/04\/Robert-Bernedo-200x300.jpg 200w, https:\/\/www.cientificos.pe\/wp-content\/uploads\/2020\/04\/Robert-Bernedo-768x1152.jpg 768w, https:\/\/www.cientificos.pe\/wp-content\/uploads\/2020\/04\/Robert-Bernedo-683x1024.jpg 683w, https:\/\/www.cientificos.pe\/wp-content\/uploads\/2020\/04\/Robert-Bernedo-696x1044.jpg 696w, https:\/\/www.cientificos.pe\/wp-content\/uploads\/2020\/04\/Robert-Bernedo-1068x1602.jpg 1068w, https:\/\/www.cientificos.pe\/wp-content\/uploads\/2020\/04\/Robert-Bernedo-280x420.jpg 280w\" sizes=\"(max-width: 200px) 100vw, 200px\" \/><\/p>\n<p>Robert Alvin Bernedo Navarro\u00a0 \u00a0 \u00a0 \u00a0 \u00a0 \u00a0 \u00a0 \u00a0 \u00a0 \u00a0 \u00a0 \u00a0 \u00a0 \u00a0 \u00a0 \u00a0 \u00a0 \u00a0 \u00a0 \u00a0 \u00a0 \u00a0 \u00a0 \u00a0 \u00a0 \u00a0 \u00a0 \u00a0 \u00a0 \u00a0 \u00a0 \u00a0 \u00a0 \u00a0 \u00a0 \u00a0 \u00a0 \u00a0 \u00a0 \u00a0 \u00a0 \u00a0 \u00a0 \u00a0 \u00a0 \u00a0 \u00a0 \u00a0 \u00a0 \u00a0 \u00a0 \u00a0 \u00a0 \u00a0 \u00a0 \u00a0 \u00a0 \u00a0 \u00a0 \u00a0 \u00a0 \u00a0 \u00a0 \u00a0 \u00a0 \u00a0 \u00a0 \u00a0 \u00a0 \u00a0 \u00a0 \u00a0 \u00a0 \u00a0 \u00a0 \u00a0 \u00a0 \u00a0 \u00a0 Microbi\u00f3logo, PhD en Biolog\u00eda Funcional y Molecular<\/p>\n<p>#YoMeQuedoEnCasa<\/p>\n<p>#MuestraTuLadoMejor<\/p>\n<p>\u00a0<\/p>\n","protected":false},"excerpt":{"rendered":"<p>La grave crisis desatada por el SARS-CoV-2 adem\u00e1s de traernos miedo e incertidumbre sin precedentes, tambi\u00e9n nos ha forzado a pararlo casi todo y de repente tenemos un tiempo extra para repensarnos como seres sociales y tambi\u00e9n repensar nuestro pa\u00eds y el mundo m\u00e1s all\u00e1 de nuestro querido terru\u00f1o. Sin a\u00fan entenderlo del todo, los [&hellip;]<\/p>\n","protected":false},"author":9,"featured_media":3760,"comment_status":"open","ping_status":"open","sticky":false,"template":"","format":"standard","meta":[],"categories":[19,29,151,173],"tags":[190,222,169],"_links":{"self":[{"href":"https:\/\/www.cientificos.pe\/index.php?rest_route=\/wp\/v2\/posts\/3748"}],"collection":[{"href":"https:\/\/www.cientificos.pe\/index.php?rest_route=\/wp\/v2\/posts"}],"about":[{"href":"https:\/\/www.cientificos.pe\/index.php?rest_route=\/wp\/v2\/types\/post"}],"author":[{"embeddable":true,"href":"https:\/\/www.cientificos.pe\/index.php?rest_route=\/wp\/v2\/users\/9"}],"replies":[{"embeddable":true,"href":"https:\/\/www.cientificos.pe\/index.php?rest_route=%2Fwp%2Fv2%2Fcomments&post=3748"}],"version-history":[{"count":18,"href":"https:\/\/www.cientificos.pe\/index.php?rest_route=\/wp\/v2\/posts\/3748\/revisions"}],"predecessor-version":[{"id":3923,"href":"https:\/\/www.cientificos.pe\/index.php?rest_route=\/wp\/v2\/posts\/3748\/revisions\/3923"}],"wp:featuredmedia":[{"embeddable":true,"href":"https:\/\/www.cientificos.pe\/index.php?rest_route=\/wp\/v2\/media\/3760"}],"wp:attachment":[{"href":"https:\/\/www.cientificos.pe\/index.php?rest_route=%2Fwp%2Fv2%2Fmedia&parent=3748"}],"wp:term":[{"taxonomy":"category","embeddable":true,"href":"https:\/\/www.cientificos.pe\/index.php?rest_route=%2Fwp%2Fv2%2Fcategories&post=3748"},{"taxonomy":"post_tag","embeddable":true,"href":"https:\/\/www.cientificos.pe\/index.php?rest_route=%2Fwp%2Fv2%2Ftags&post=3748"}],"curies":[{"name":"wp","href":"https:\/\/api.w.org\/{rel}","templated":true}]}}