{"id":4335,"date":"2020-06-23T21:08:45","date_gmt":"2020-06-23T21:08:45","guid":{"rendered":"http:\/\/www.cientificos.pe\/?p=4335"},"modified":"2020-06-23T21:13:33","modified_gmt":"2020-06-23T21:13:33","slug":"crear-con-ciencia","status":"publish","type":"post","link":"https:\/\/www.cientificos.pe\/?p=4335","title":{"rendered":"CREAR CON-CIENCIA. &#8211; Columna de opini\u00f3n por Robert Bernedo"},"content":{"rendered":"<p style=\"text-align: justify;\">Columna de Opinion escrita por Robert Bernedo, PhD<\/p>\n<p style=\"text-align: justify;\">Una vez m\u00e1s, sin una opci\u00f3n mejor, tendremos que adentrarnos en el dolor de nuestras tragedias nacionales para defender la necesidad de comenzar un cambio de rumbo en nuestro pa\u00eds, ya que si las cosas van por la misma direcci\u00f3n probablemente en el futuro no tendremos siquiera una oportunidad de intentarlo.<\/p>\n<p style=\"text-align: justify;\">La parte m\u00e1s visible del impacto de la actual pandemia de COVID-19 es que \u00e9sta nos ha mostrado de forma brutal la fr\u00e1gil estructura social de nuestro pa\u00eds. D\u00eda tras d\u00eda asistimos al doloroso espect\u00e1culo de nuestros sistemas de salud colapsados, niveles alarmantes (vergonzantes) de pobreza, ignorancia por doquier, el uso ineficiente (canalla?) de los recursos, corrupci\u00f3n en niveles inimaginables, gente que lucra de forma nefasta con el dolor de las personas, con sus necesidades, en fin, un sinn\u00famero de tragedias paralelas sucediendo y no parecemos vislumbrar d\u00edas mejores, ni el cambio en la percepci\u00f3n de nuestro sentido de pertenencia social a una naci\u00f3n, a una comunidad, ni siquiera a nuestro barrio.<\/p>\n<p style=\"text-align: justify;\">Atravesamos una crisis de magnitudes sin precedentes que nos ha permitido percibir, o sospechar por lo menos, que somos un (proyecto de) pa\u00eds que le ha dado (no solamente) a la ciencia, la salud y la educaci\u00f3n de calidad un vergonzoso papel secundario. Si hablamos de ciencia en el Per\u00fa la realidad inmediatamente nos golpear\u00e1 con la ausencia de un sistema bien estructurado de ciencia y tecnolog\u00eda que contribuir\u00eda a hacerle frente en mejores condiciones no s\u00f3lo a esta pandemia, sino tambi\u00e9n a los dem\u00e1s problemas que tristemente subyacen a\u00fan en nuestra sociedad.<\/p>\n<p style=\"text-align: justify;\">Para democratizar un desarrollo digno para los peruanos(as) no es suficiente vociferar un crecimiento econ\u00f3mico basado en la explotaci\u00f3n sin l\u00edmites de nuestros recursos (finitos por cierto), que no ha tra\u00eddo por s\u00ed s\u00f3lo mejoras significativas a la vida de los grupos m\u00e1s vulnerables, debemos ser un pa\u00eds que apuesta por una sociedad basada en ciencia como pilar esencial de desarrollo, un pa\u00eds que usa racional y eficientemente sus recursos , que apuesta por la educaci\u00f3n en su sentido m\u00e1s amplio, toda vez que \u00e9sto nos permitir\u00e1 crear, adaptar y optimizar oportunamente las soluciones para los problemas que aquejan sin descanso a nuestra gente. Sin embargo, en el escenario actual un salto cualitativo en el desarrollo del Per\u00fa no es posible en el corto plazo, puesto que, adem\u00e1s de ser un pa\u00eds de desigualdades sociales gigantes, a\u00fan somos parte de un Per\u00fa que no promueve ni invierte adecuadamente en ciencia, tecnolog\u00eda e innovaci\u00f3n (CTI).<\/p>\n<p style=\"text-align: justify;\">Intentemos entender que invertir en ciencia implica, en primer lugar, crear un programa integral de fomento a la investigaci\u00f3n cient\u00edfica, as\u00ed como un flujo constante de recursos administrativo- financieros destinados a actividades cient\u00edficas en todos sus niveles. Consideren urgente fortalecer el sistema de CTI, invertir en instituciones capaces de llevar a cabo investigaci\u00f3n cient\u00edfica al m\u00e1s alto nivel, implementar pol\u00edticas de inclusi\u00f3n educativa basada en evidencias, ampliar la participaci\u00f3n de la comunidad cient\u00edfica en la toma de decisiones, garantizar instituciones educativas donde los estudiantes desarrollen su potencial cognitivo-emocional en ambientes que despierten su creatividad y donde sean valorados por su contribuci\u00f3n a la sociedad en vez de ser mercantilizados como vulgares clientes.<\/p>\n<p style=\"text-align: justify;\">No tendremos un avance cualitativo real si, adem\u00e1s de conseguir el soporte necesario que deben brindarnos las instituciones gubernamentales, seguimos normalizando actitudes t\u00f3xicas, racistas, anti-cient\u00edficas y elitistas que auspician la exclusi\u00f3n y construcci\u00f3n de un ser social \u201cvivo\u201d, \u201cpalomilla\u201d, \u201cpendejo\u201d, etc. En contraposici\u00f3n, se torna cr\u00edtico formar ciudadanos creativos pero honestos, socialmente responsables, respetuosos de la diversidad en todas sus variantes, de alto sentido (auto) cr\u00edtico, peruanos con empat\u00eda fuerte por el ser humano y en armon\u00eda con el medio ambiente del que forman parte.<\/p>\n<p style=\"text-align: justify;\">La creaci\u00f3n de una pol\u00edtica s\u00f3lida y din\u00e1mica de CTI, que mande al olvido nuestra empobrecedora tendencia a pensar en logros por \u201cgestiones\u201d pero no en la planificaci\u00f3n a largo plazo, constituye un requisito para constituirnos en un pa\u00eds digno, moderno y econ\u00f3micamente estable. \u00bfS\u00f3lo la ciencia y los cient\u00edficos van a reconstruir nuestro pa\u00eds? Ciertamente no, pero, dada la oportunidad, contribuir\u00e1n a hacerlo posible. No obstante, el gran salto comenzar\u00e1 en el momento en que comencemos adem\u00e1s a cerrar las brechas sociales y que sintamos que ser peruano significa esforzarnos diariamente por construir una sociedad que nos enorgullezca, un pa\u00eds mejor. \u00bfMejor para qui\u00e9n? Pues para todos, centremos nuestros esfuerzos no s\u00f3lo en lo que nos beneficia individualmente, pensemos en la felicidad de los otros como si fuera la nuestra tambi\u00e9n. Comencemos a pensar no en singular sino en plural, en nosotros, en colectivo, y cuando digo nosotros me refiero a todos los dem\u00e1s, no \u00fanicamente a aquellos con los que simpatizamos o que piensan de forma similar, digo todos.<\/p>\n<p style=\"text-align: justify;\">El Per\u00fa cuenta con habitantes talentosos y creativos que pudieran aportar m\u00e1s activamente a encontrar alternativas de soluci\u00f3n a nuestras mayores dificultades, brind\u00e9mosle a ellos una oportunidad y construyamos un ambiente propicio para que nos muestren que es posible algo mejor que esta realidad ego\u00edsta y embrutecedora. Por otro lado, para los que se preguntan por el lado econ\u00f3mico de este asunto, no olvidemos que la ciencia genera empleos y conocimiento que se traduce en soluciones, que a su vez pueden contribuir al crecimiento econ\u00f3mico y bienestar social. Por tanto, destinar recursos a la ciencia no es un gasto, es una inversi\u00f3n razonable y, m\u00e1s que nunca, necesaria.<\/p>\n<p style=\"text-align: justify;\">Finalmente, ya basta de brindarle universidades p\u00e9simas a los j\u00f3venes peruanos, basta de educar a los ni\u00f1os para convertirse en trabajadores sin mayores expectativas de realizaci\u00f3n personal que las de tener dinero e impunidad, ya basta de precarizaci\u00f3n de la educaci\u00f3n, la salud y de obstaculizar el acceso de nuestr@s herman@s a una vida digna.<\/p>\n<p style=\"text-align: justify;\">Paremos de conformarnos con poco, con un pa\u00eds que parece caerse a pedazos.<\/p>\n<p style=\"text-align: justify;\">Empecemos a crear consciencia, mejor a\u00fan: crear con-ciencia.<\/p>\n<p style=\"text-align: justify;\">#CrearConCiencia<br \/>\n#YoMeQuedoEnCasa<\/p>\n<p style=\"text-align: justify;\">Robert Bernedo, PhD<\/p>\n<p><img loading=\"lazy\" class=\"alignnone size-medium wp-image-3751\" src=\"http:\/\/www.cientificos.pe\/wp-content\/uploads\/2020\/04\/Robert-Bernedo-200x300.jpg\" alt=\"\" width=\"200\" height=\"300\" srcset=\"https:\/\/www.cientificos.pe\/wp-content\/uploads\/2020\/04\/Robert-Bernedo-200x300.jpg 200w, https:\/\/www.cientificos.pe\/wp-content\/uploads\/2020\/04\/Robert-Bernedo-768x1152.jpg 768w, https:\/\/www.cientificos.pe\/wp-content\/uploads\/2020\/04\/Robert-Bernedo-683x1024.jpg 683w, https:\/\/www.cientificos.pe\/wp-content\/uploads\/2020\/04\/Robert-Bernedo-696x1044.jpg 696w, https:\/\/www.cientificos.pe\/wp-content\/uploads\/2020\/04\/Robert-Bernedo-1068x1602.jpg 1068w, https:\/\/www.cientificos.pe\/wp-content\/uploads\/2020\/04\/Robert-Bernedo-280x420.jpg 280w\" sizes=\"(max-width: 200px) 100vw, 200px\" \/><\/p>\n","protected":false},"excerpt":{"rendered":"<p>Columna de Opinion escrita por Robert Bernedo, PhD Una vez m\u00e1s, sin una opci\u00f3n mejor, tendremos que adentrarnos en el dolor de nuestras tragedias nacionales para defender la necesidad de comenzar un cambio de rumbo en nuestro pa\u00eds, ya que si las cosas van por la misma direcci\u00f3n probablemente en el futuro no tendremos siquiera [&hellip;]<\/p>\n","protected":false},"author":2,"featured_media":3350,"comment_status":"open","ping_status":"open","sticky":false,"template":"","format":"standard","meta":[],"categories":[19,29,173],"tags":[262,261,169],"_links":{"self":[{"href":"https:\/\/www.cientificos.pe\/index.php?rest_route=\/wp\/v2\/posts\/4335"}],"collection":[{"href":"https:\/\/www.cientificos.pe\/index.php?rest_route=\/wp\/v2\/posts"}],"about":[{"href":"https:\/\/www.cientificos.pe\/index.php?rest_route=\/wp\/v2\/types\/post"}],"author":[{"embeddable":true,"href":"https:\/\/www.cientificos.pe\/index.php?rest_route=\/wp\/v2\/users\/2"}],"replies":[{"embeddable":true,"href":"https:\/\/www.cientificos.pe\/index.php?rest_route=%2Fwp%2Fv2%2Fcomments&post=4335"}],"version-history":[{"count":5,"href":"https:\/\/www.cientificos.pe\/index.php?rest_route=\/wp\/v2\/posts\/4335\/revisions"}],"predecessor-version":[{"id":4340,"href":"https:\/\/www.cientificos.pe\/index.php?rest_route=\/wp\/v2\/posts\/4335\/revisions\/4340"}],"wp:featuredmedia":[{"embeddable":true,"href":"https:\/\/www.cientificos.pe\/index.php?rest_route=\/wp\/v2\/media\/3350"}],"wp:attachment":[{"href":"https:\/\/www.cientificos.pe\/index.php?rest_route=%2Fwp%2Fv2%2Fmedia&parent=4335"}],"wp:term":[{"taxonomy":"category","embeddable":true,"href":"https:\/\/www.cientificos.pe\/index.php?rest_route=%2Fwp%2Fv2%2Fcategories&post=4335"},{"taxonomy":"post_tag","embeddable":true,"href":"https:\/\/www.cientificos.pe\/index.php?rest_route=%2Fwp%2Fv2%2Ftags&post=4335"}],"curies":[{"name":"wp","href":"https:\/\/api.w.org\/{rel}","templated":true}]}}