{"id":5844,"date":"2020-12-12T18:44:11","date_gmt":"2020-12-12T18:44:11","guid":{"rendered":"https:\/\/www.cientificos.pe\/?p=5844"},"modified":"2020-12-16T18:12:23","modified_gmt":"2020-12-16T18:12:23","slug":"de-estudiar-fisica-en-el-peru-a-ser-el-ceo-de-una-empresa-de-computacion-cuantica-en-europa","status":"publish","type":"post","link":"https:\/\/www.cientificos.pe\/?p=5844","title":{"rendered":"De estudiar f\u00edsica en el Per\u00fa a ser el CEO de una empresa de computaci\u00f3n cu\u00e1ntica en Europa"},"content":{"rendered":"<p><img loading=\"lazy\" class=\"wp-image-5845 size-large aligncenter\" src=\"https:\/\/www.cientificos.pe\/wp-content\/uploads\/2020\/12\/unnamed-1024x683.jpg\" alt=\"\" width=\"640\" height=\"427\" srcset=\"https:\/\/www.cientificos.pe\/wp-content\/uploads\/2020\/12\/unnamed-1024x683.jpg 1024w, https:\/\/www.cientificos.pe\/wp-content\/uploads\/2020\/12\/unnamed-300x200.jpg 300w, https:\/\/www.cientificos.pe\/wp-content\/uploads\/2020\/12\/unnamed-768x512.jpg 768w, https:\/\/www.cientificos.pe\/wp-content\/uploads\/2020\/12\/unnamed-696x464.jpg 696w, https:\/\/www.cientificos.pe\/wp-content\/uploads\/2020\/12\/unnamed-1068x712.jpg 1068w, https:\/\/www.cientificos.pe\/wp-content\/uploads\/2020\/12\/unnamed-630x420.jpg 630w, https:\/\/www.cientificos.pe\/wp-content\/uploads\/2020\/12\/unnamed.jpg 1348w\" sizes=\"(max-width: 640px) 100vw, 640px\" \/><\/p>\n<p style=\"text-align: justify;\"><a href=\"http:\/\/scholar.google.es\/citations?user=0ZxS2k0AAAAJ&amp;hl=es\"><span style=\"font-weight: 400;\">Enrique Solano<\/span><\/a><span style=\"font-weight: 400;\"> es un egresado de f\u00edsica de la Pontificia Universidad Cat\u00f3lica del Per\u00fa (PUCP), realiz\u00f3 estudios de maestr\u00eda en Francia y, obtuvo un doctorado en f\u00edsica por la Universidad Federal de R\u00edo de Janeiro y es actualmente el gerente general de <\/span><a href=\"https:\/\/www.meetiqm.com\/\"><span style=\"font-weight: 400;\">IQM<\/span><\/a><span style=\"font-weight: 400;\"> en Alemania, una empresa fundada en Finlandia dedicada al dise\u00f1o de software y hardware de computadoras cu\u00e1nticas. Ha trabajado en la PUCP, el Instituto Max Planck, la Universidad de Munich, la Universidad del Pa\u00eds Vasco en Espa\u00f1a y en la Universidad de Shangai entre otras, trabajando en diversos temas, entre ellos: materia condensada, electrodin\u00e1mica cu\u00e1ntica de cavidades, computaci\u00f3n cu\u00e1ntica, informaci\u00f3n cu\u00e1ntica e inteligencia artificial cu\u00e1ntica.<\/span><\/p>\n<hr \/>\n<p style=\"text-align: justify;\"><b>Su comienzo en la f\u00edsica<\/b><\/p>\n<p style=\"text-align: justify;\"><span style=\"font-weight: 400;\">Enrique Solano nos cuenta que \u00e9l comenz\u00f3 sus estudios universitarios estudiando una carrera de ingenier\u00eda, m\u00e1s que nada por\u00a0 presi\u00f3n familiar hasta que luego se cambi\u00f3 a f\u00edsica. Desde temprana edad cont\u00f3 con intereses muy amplios y diversos, tuvo tres principales: la f\u00edsica, la filosof\u00eda y la literatura. Enrique nos cuenta que \u00e9l opt\u00f3 por estudiar f\u00edsica creyendo que ser\u00eda la \u00fanica que requerir\u00eda de una ayuda externa, sin embargo nos comenta que luego se dio cuenta que estaba totalmente errado en aquella afirmaci\u00f3n.<\/span><\/p>\n<p style=\"text-align: justify;\"><span style=\"font-weight: 400;\">Ya dentro de la carrera de f\u00edsica, tuvo un intenso inter\u00e9s por aquellos temas de la f\u00edsica con nombres extra\u00f1os y que parec\u00edan complejos como la <\/span><a href=\"https:\/\/es.wikipedia.org\/wiki\/Teor%C3%ADa_de_cuerdas\"><span style=\"font-weight: 400;\">teor\u00eda de cuerdas<\/span><\/a><span style=\"font-weight: 400;\">, las <\/span><a href=\"https:\/\/es.wikipedia.org\/wiki\/Part%C3%ADcula_elemental\"><span style=\"font-weight: 400;\">part\u00edculas elementales<\/span><\/a><span style=\"font-weight: 400;\">, etc. y no fue hasta que estando en Francia pudo conocer todas las aplicaciones de la f\u00edsica cu\u00e1ntica y desde entonces, Enrique nos cuenta que \u00abse ha ido curando de todo esto y desde muchos a\u00f1os su labor como profesor ha sido \u2018curar\u2019 la mente de los chicos j\u00f3venes de todo este mundo metaf\u00edsico y filos\u00f3fico de la f\u00edsica cu\u00e1ntica y orientarla a temas m\u00e1s \u00fatiles\u00bb.<\/span><\/p>\n<p style=\"text-align: justify;\"><b>Las cuestiones \u201cfundamentales\u201d<\/b><\/p>\n<p style=\"text-align: justify;\"><span style=\"font-weight: 400;\">Esto parece, a primera vista, contrastar con aquel original inter\u00e9s que ten\u00eda con respecto a las cuestiones fundamentales; sin embargo, Enrique nos cuenta que le tom\u00f3 muchos a\u00f1os llegar a darse cuenta que \u00abaquello que denominamos m\u00e1s fundamental no necesariamente es lo m\u00e1s peque\u00f1o [&#8230;] y en esencia ninguna teor\u00eda es m\u00e1s o menos fundamental que otra y ning\u00fan inter\u00e9s o\u00a0 curiosidad es m\u00e1s importante que otra\u00bb.<\/span><\/p>\n<p style=\"text-align: justify;\"><span style=\"font-weight: 400;\">Este proceso Enrique lo descubri\u00f3 a partir de muchos viajes y dem\u00e1s experiencias, por ello nos relata que para \u00e9l, existen tres cuestiones que les parece fundamentales:<\/span><\/p>\n<ol style=\"text-align: justify;\">\n<li style=\"font-weight: 400;\"><span style=\"font-weight: 400;\">\u00bfC\u00f3mo de la materia inerte en el proceso evolutivo del universo, se levanta, se erige y forma seres que se autorreplican y que llamamos \u201cseres vivos\u201d?<\/span><\/li>\n<li style=\"font-weight: 400;\"><span style=\"font-weight: 400;\">\u00bfC\u00f3mo la materia viva crece en complejidad y hay un salto hacia la creaci\u00f3n de la inteligencia, el aprendizaje, la est\u00e9tica, el descubrimiento de las leyes abstractas?<\/span><\/li>\n<li style=\"font-weight: 400;\"><span style=\"font-weight: 400;\">\u00bfExiste vida inteligente extraterrestre?<\/span><\/li>\n<\/ol>\n<p style=\"text-align: justify;\"><span style=\"font-weight: 400;\">Y el bos\u00f3n de Higgs, que es algo que uno podr\u00eda llamar \u201cfundamental\u201d, en estas cuestiones es totalmente irrelevante. A partir de esto, nos explica que en esencia, \u00ablo que hay son mapas de abstracci\u00f3n intelectual para capturar procesos de forma descriptiva y predictiva, que es lo que exige el m\u00e9todo cient\u00edfico\u00bb. Y el mapa usado para explicar los fen\u00f3menos de las part\u00edculas fundamentales poco o nada tendr\u00eda que ver con aquello de cuestiones totalmente alejadas de ese campo.\u00a0<\/span><\/p>\n<p style=\"text-align: justify;\"><span style=\"font-weight: 400;\">Adicionalmente, nos comenta que lo fundamental o lo importante est\u00e1 a todos los niveles y que \u00abencuentra cosas fundamentales en el negocio, en la creaci\u00f3n de productos, creaci\u00f3n de mercados, en la realizaci\u00f3n de marketing, de poes\u00eda, en hacer ciencia, ingenier\u00eda, etc.\u00bb teniendo un criterio m\u00e1s amplio de lo que es fundamental o importante.<\/span><\/p>\n<p style=\"text-align: justify;\"><b>Su influencia de la escuela francesa<\/b><\/p>\n<p style=\"text-align: justify;\"><span style=\"font-weight: 400;\">Cuando Enrique Solano termin\u00f3 sus estudios en la PUCP, su profesor <\/span><a href=\"https:\/\/www.pucp.edu.pe\/profesor\/francisco-de-zela-martinez\/\"><span style=\"font-weight: 400;\">Francisco de Zela<\/span><\/a><span style=\"font-weight: 400;\"> le propuso ir a una escuela de verano en R\u00edo de Janeiro en donde en paralelo se llev\u00f3 a cabo el Coloquio Franco-Brasilero de \u00f3ptica cu\u00e1ntica. Al participar en esa escuela y o\u00edr temas como \u00abentrelazamiento cu\u00e1ntico\u00bb, \u00abinformaci\u00f3n cu\u00e1ntica\u00bb, entre otros, Enrique qued\u00f3 fascinado y le dijo a uno de los profesores que quer\u00eda hacer el doctorado ah\u00ed y as\u00ed fue como luego de entrevistarse con \u00e9l, empez\u00f3 el recorrido de Enrique por Brasil y otros mundos.<\/span><\/p>\n<p style=\"text-align: justify;\"><span style=\"font-weight: 400;\">Ya en el doctorado, Enrique trabaj\u00f3 en una <\/span><a href=\"https:\/\/link.springer.com\/article\/10.1007%2Fs100530170293\"><span style=\"font-weight: 400;\">tesis pionera en informaci\u00f3n cu\u00e1ntica en Latinoam\u00e9rica<\/span><\/a><span style=\"font-weight: 400;\"> y recibi\u00f3 a trav\u00e9s de aquel grupo de trabajo la influencia de la escuela francesa donde \u00abla teor\u00eda y la predicci\u00f3n de efectos f\u00edsicos nuevos est\u00e1 fuertemente ligada a la observaci\u00f3n experimental\u00bb seg\u00fan nos cuenta. Una escuela que encajaba muy bien con la forma de pensar de Enrique para entonces.<\/span><\/p>\n<p style=\"text-align: center;\"><span style=\"font-family: 'times new roman', times, serif; font-size: 14pt;\"><strong><span style=\"color: #808080;\"><em>\u00a0\u00abEl c\u00e1lculo de un nuevo fen\u00f3meno no me era suficiente si no pod\u00eda decir c\u00f3mo tendr\u00eda que hacerse un experimento para que esa nueva propiedad se manifieste y se observe experimentalmente\u00bb nos comenta.<\/em><\/span><\/strong><\/span><\/p>\n<p style=\"text-align: justify;\"><span style=\"font-weight: 400;\">As\u00ed fue como \u00e9l lleg\u00f3 a una definici\u00f3n personal de f\u00edsica te\u00f3rica: \u00abLa modelizaci\u00f3n matem\u00e1tica de sistemas descriptivos y predictivos observables en el laboratorio\u00bb.<\/span><\/p>\n<p style=\"text-align: justify;\"><b>Su trabajo actual<\/b><\/p>\n<p style=\"text-align: justify;\"><img loading=\"lazy\" class=\"aligncenter\" src=\"https:\/\/www.rdworldonline.com\/wp-content\/uploads\/2020\/02\/021020-blog-qubits-1.jpg\" alt=\"\" width=\"770\" height=\"513\" \/><\/p>\n<p style=\"text-align: justify;\"><span style=\"font-weight: 400;\">Tambi\u00e9n nos menciona, haciendo referencia a la biblioteca de Babel de Borges, que existe una inmensa biblioteca de conocimientos que solo se podr\u00e1 acceder a este cuando se alcance la supremac\u00eda cu\u00e1ntica y del cual a\u00fan nadie ha podido ingresar ya que no tenemos ordenadores cu\u00e1nticos escalables. El poder empujar un poco la puerta que da acceso a esta vasta biblioteca y poder as\u00ed avizorar los millones de libros de conocimiento nunca antes alcanzados por la humanidad es algo que en palabras de Enrique, le quita el sue\u00f1o y le da la motivaci\u00f3n en las ma\u00f1anas para levantarse y ponerse a trabajar.<\/span><\/p>\n<p style=\"text-align: justify;\"><span style=\"font-weight: 400;\">Esta es la motivaci\u00f3n que tiene Enrique para con su labor como CEO de IQM Germany. Esa transici\u00f3n del mundo acad\u00e9mico al mundo empresarial no fue algo de la noche a la ma\u00f1ana, sino que fue un paso que lo hizo luego de haber publicado m\u00e1s de <\/span><a href=\"https:\/\/scholar.google.es\/citations?user=0ZxS2k0AAAAJ&amp;hl=es\"><span style=\"font-weight: 400;\">400 art\u00edculos<\/span><\/a><span style=\"font-weight: 400;\"> en las revistas m\u00e1s prestigiosas de f\u00edsica como Nature, Physical Review Letters, entre otras. Y en su b\u00fasqueda de nuevos horizontes tom\u00f3 inter\u00e9s en campos como los sistemas inteligentes, la inteligencia artificial y la computaci\u00f3n cu\u00e1ntica y not\u00f3 que el arco de influencia que se tiene de estas tecnolog\u00edas se iba desplazando desde el mundo acad\u00e9mico a compa\u00f1\u00edas como Google, IBM y el mundo empresarial en general.<\/span><\/p>\n<p style=\"text-align: center;\"><span style=\"font-family: 'times new roman', times, serif; font-size: 14pt;\"><strong><span style=\"background-color: #ffffff; color: #808080;\"><em>Ahora, desde su nueva posici\u00f3n, nos comenta: \u00abpuedo desarrollar aplicaciones de la mec\u00e1nica cu\u00e1ntica no s\u00f3lo desde el \u00e1mbito acad\u00e9mico sino empresarial, de finanzas e inversiones y me siento mucho m\u00e1s pleno, m\u00e1s realizado y lo percibo como un mundo intelectual, est\u00e9tico y art\u00edsticamente m\u00e1s rico que el mundo puramente acad\u00e9mico\u00bb.<\/em><\/span><\/strong><\/span><\/p>\n<p style=\"text-align: justify;\"><span style=\"font-weight: 400;\">Obtener esta propuesta de ser el CEO para IQM Germany surgi\u00f3 ya anteriormente hab\u00eda tenido contacto, por sus trabajos anteriores, con el entramado empresarial del mundo de la computaci\u00f3n cu\u00e1ntica. Este nuevo mundo exige a Enrique ser m\u00e1s creativo y aprender y seguir aprendiendo nuevos temas como las finanzas corporativas, las inversiones, las relaciones p\u00fablicas, entre otros.<\/span><\/p>\n<p style=\"text-align: justify;\"><b>Un consejo<\/b><\/p>\n<p style=\"text-align: justify;\"><span style=\"font-weight: 400;\">Por \u00faltimo, un consejo que nos brinda Enrique para los estudiantes de f\u00edsica de pregrado en el Per\u00fa es verse como individuos frente al universo: \u00abNo reconozcan su pasaporte, de donde han nacido, no reconozcan nada. Veanse como individuos frente al mundo. Y si uno quiere dedicarse a una actividad donde el objetivo es descubrir propiedades nuevas, predecir, modelar, entender el universo desde un punto de vista cient\u00edfico y tecnol\u00f3gico; entonces enfr\u00e9ntate con esa desnudez intelectual a sus curiosidades y retos\u00bb.<\/span><\/p>\n","protected":false},"excerpt":{"rendered":"<p>Enrique Solano es un egresado de f\u00edsica de la Pontificia Universidad Cat\u00f3lica del Per\u00fa (PUCP), realiz\u00f3 estudios de maestr\u00eda en Francia y, obtuvo un doctorado en f\u00edsica por la Universidad Federal de R\u00edo de Janeiro y es actualmente el gerente general de IQM en Alemania, una empresa fundada en Finlandia dedicada al dise\u00f1o de software [&hellip;]<\/p>\n","protected":false},"author":12,"featured_media":5845,"comment_status":"open","ping_status":"open","sticky":false,"template":"","format":"standard","meta":[],"categories":[19,26,143,230],"tags":[350,348,349,227,109,347],"_links":{"self":[{"href":"https:\/\/www.cientificos.pe\/index.php?rest_route=\/wp\/v2\/posts\/5844"}],"collection":[{"href":"https:\/\/www.cientificos.pe\/index.php?rest_route=\/wp\/v2\/posts"}],"about":[{"href":"https:\/\/www.cientificos.pe\/index.php?rest_route=\/wp\/v2\/types\/post"}],"author":[{"embeddable":true,"href":"https:\/\/www.cientificos.pe\/index.php?rest_route=\/wp\/v2\/users\/12"}],"replies":[{"embeddable":true,"href":"https:\/\/www.cientificos.pe\/index.php?rest_route=%2Fwp%2Fv2%2Fcomments&post=5844"}],"version-history":[{"count":9,"href":"https:\/\/www.cientificos.pe\/index.php?rest_route=\/wp\/v2\/posts\/5844\/revisions"}],"predecessor-version":[{"id":5861,"href":"https:\/\/www.cientificos.pe\/index.php?rest_route=\/wp\/v2\/posts\/5844\/revisions\/5861"}],"wp:featuredmedia":[{"embeddable":true,"href":"https:\/\/www.cientificos.pe\/index.php?rest_route=\/wp\/v2\/media\/5845"}],"wp:attachment":[{"href":"https:\/\/www.cientificos.pe\/index.php?rest_route=%2Fwp%2Fv2%2Fmedia&parent=5844"}],"wp:term":[{"taxonomy":"category","embeddable":true,"href":"https:\/\/www.cientificos.pe\/index.php?rest_route=%2Fwp%2Fv2%2Fcategories&post=5844"},{"taxonomy":"post_tag","embeddable":true,"href":"https:\/\/www.cientificos.pe\/index.php?rest_route=%2Fwp%2Fv2%2Ftags&post=5844"}],"curies":[{"name":"wp","href":"https:\/\/api.w.org\/{rel}","templated":true}]}}