{"id":7380,"date":"2021-11-01T13:41:17","date_gmt":"2021-11-01T13:41:17","guid":{"rendered":"https:\/\/www.cientificos.pe\/?p=7380"},"modified":"2021-12-20T07:49:54","modified_gmt":"2021-12-20T07:49:54","slug":"ciencia-y-sociedad-de-la-divulgacion-a-la-formacion-cientifica","status":"publish","type":"post","link":"https:\/\/www.cientificos.pe\/?p=7380","title":{"rendered":"Ciencia y Sociedad: de la divulgaci\u00f3n a la formaci\u00f3n cient\u00edfica"},"content":{"rendered":"<p style=\"text-align: justify;\"><span style=\"font-weight: 400;\">Hemos realizado divulgaci\u00f3n cient\u00edfica y fomento de la ciencia, tecnolog\u00eda e innovaci\u00f3n (CTI) de diferentes formas y usando diferentes medios digitales, hemos ido a lugares donde no se ense\u00f1a ciencias y conversado con personas ajenas a ella. Lo que hemos notado claramente, y m\u00e1s a\u00fan despu\u00e9s del inicio de la crisis de la COVID-19, es que la <\/span><i><span style=\"font-weight: 400;\">divulgaci\u00f3n cient\u00edfica llega en gran medida y naturalmente s\u00f3lo a quienes est\u00e1n interesados en la divulgaci\u00f3n cient\u00edfica<\/span><\/i><span style=\"font-weight: 400;\">. Estoy seguro que esto lo pueden corroborar los divulgadores profesionales cuando leen los comentarios de sus videos, art\u00edculos o posts. <\/span><b><i>Est\u00e1 mucho m\u00e1s claro hoy en dia que en un pa\u00eds como el nuestro, el derecho a contar con la informaci\u00f3n cient\u00edfica no tiene por qu\u00e9 generar necesariamente inter\u00e9s por la informaci\u00f3n cient\u00edfica<\/i><\/b><span style=\"font-weight: 400;\">. Esta reflexi\u00f3n hay que tenerla presente y aceptar que los esfuerzos individuales no est\u00e1n dando los resultados esperados, hay que buscar soluciones a nivel de sociedad organizada y pol\u00edticamente (municipios, instituciones,\u00a0gobiernos regionales, etc) [1].<\/span><\/p>\n<p style=\"text-align: justify;\"><span style=\"font-weight: 400;\">Carla Arce, PhD(c) en astrof\u00edsica (@astrocarlaa en redes sociales) en su canal de divulgaci\u00f3n se preguntaba por qu\u00e9 era tan dif\u00edcil hacer entender a complotistas y conspiranoicos (militantes) sobre las teor\u00edas fundamentadas por la ciencia. De las reflexiones del filosofo ingl\u00e9s Bernard Williams extraemos que existe una corriente de pensamiento[2] en nuestra sociedad que define el autor como <\/span><i><span style=\"font-weight: 400;\">el deseo de veracidad<\/span><\/i><span style=\"font-weight: 400;\">, para no ser enga\u00f1ados. Estas personas no conf\u00edan en lo que digan las \u00e9lites (pol\u00edticas o cient\u00edficas), buscan aquello que est\u00e1 escondido detr\u00e1s del mensaje. Esto los lleva inevitablemente al extremo de creer en el complot y parad\u00f3jicamente la b\u00fasqueda de la veracidad los lleva a negar la verdad. \u201cLas personas que siguen esta l\u00ednea de pensamiento no buscan corroborar la verdad, la reciben (por medios oficiales o de especialistas) e inmediatamente la buscan relativizar, hacerla subjetiva, instrumentalizarla, etc. \u201c E. Klein.<\/span><\/p>\n<p style=\"text-align: justify;\"><span style=\"font-weight: 400;\">En la era de la informaci\u00f3n y del conocimiento, es muy f\u00e1cil crear &#8220;nuestra&#8221; verdad sobre alg\u00fan tema haciendo algunos clicks, y para reafirmarla podemos adem\u00e1s <\/span><b><i>encontrar personas que crean sobre la verdad exactamente lo mismo que nosotros<\/i><\/b><span style=\"font-weight: 400;\">. El caso de los terraplanistas, los seguidores del di\u00f3xido de cloro, o antivacunas son algunos ejemplos. En los tres ejemplos la conspiraci\u00f3n y\/o el complot de los estados, empresas o poderes ocultos son argumentos utilizados.\u00a0<\/span><\/p>\n<p style=\"text-align: justify;\"><span style=\"font-weight: 400;\">No podemos dejar de incluir como origen de este problema a los medios de comunicaci\u00f3n masiva, los cuales nos presentan de vez en cuando conocimiento riguroso, <\/span><b>pero que lamentablemente viene acompa\u00f1ado de opiniones, entretenimiento, creencias y fakenews. <\/b><span style=\"font-weight: 400;\">Separar toda esta informaci\u00f3n de lo realmente valioso es muy dif\u00edcil para el p\u00fablico en general. No sirve de nada entrevistar a un especialista sobre vacunas, si luego se entrevistar\u00e1 a un pol\u00edtico anti-vacunas o a un invitado que dar\u00e1 recetas milagrosas. Esto se ha visto muy seguido durante esta crisis [3].<\/span><\/p>\n<p style=\"text-align: justify;\"><span style=\"font-weight: 400;\">\u00bfC\u00f3mo disminuir el da\u00f1o causado por los medios, como luchar contra nuestros sesgos[4] o creencias, como buscar la veracidad sin llegar a negar la verdad? Estoy convencido que el pensamiento cr\u00edtico de nuestros estudiantes durante la educaci\u00f3n b\u00e1sica, (primaria y secundaria) debe ser promovido, y nuestros docentes son piezas claves para lograrlo. Los espacios de transmisi\u00f3n de experiencias, conocimientos y metodolog\u00eda en temas de CTI\u00a0 deben ser reforzados y de paso fomentar la b\u00fasqueda de la excelencia acad\u00e9mica. Un granito de arena para lograr este objetivo se llama \u201cComparte Ciencias en la Escuela\u201d [5] en colaboraci\u00f3n con la UGEL Huancayo, un ejemplo de como si es posible brindar formaci\u00f3n cient\u00edfica, a pesar de la distancia.<\/span><\/p>\n<p style=\"text-align: justify;\"><span style=\"font-weight: 400;\">Pero todo esto tendr\u00eda m\u00e1s relevancia si no tuvi\u00e9ramos problemas cr\u00f3nicos que superar en nuestro sistema de educaci\u00f3n b\u00e1sica. No es justo que en el 2021 estudiantes de primaria tengan que caminar a lo m\u00e1s alto de una monta\u00f1a para poder recibir clases del estado por radio[6]-[7] (y el Sr. presidente lo sabe muy bien) y\/o que tengamos se\u00f1ales a\u00fan d\u00e9biles o un poco retrasadas con respecto a otros pa\u00edses sobre el inicio de las clases presenciales con medidas de seguridad.\u00a0<\/span><\/p>\n<p style=\"text-align: justify;\"><span style=\"font-weight: 400;\">Creemos en la importancia de la divulgaci\u00f3n cient\u00edfica, no cabe duda que hay que fomentarla, pero es el momento de ir m\u00e1s all\u00e1 y comenzar a formar directamente a las futuras generaciones con ayuda de los docentes y con la ayuda o a pesar del estado[8].<\/span><\/p>\n<p><span style=\"font-weight: 400;\">Nahuel Monteblanco, PhD<\/span><\/p>\n<p><img loading=\"lazy\" class=\"alignnone wp-image-7381\" src=\"https:\/\/www.cientificos.pe\/wp-content\/uploads\/2021\/11\/Nahuel-new.jpg\" alt=\"\" width=\"185\" height=\"185\" srcset=\"https:\/\/www.cientificos.pe\/wp-content\/uploads\/2021\/11\/Nahuel-new.jpg 400w, https:\/\/www.cientificos.pe\/wp-content\/uploads\/2021\/11\/Nahuel-new-300x300.jpg 300w, https:\/\/www.cientificos.pe\/wp-content\/uploads\/2021\/11\/Nahuel-new-150x150.jpg 150w\" sizes=\"(max-width: 185px) 100vw, 185px\" \/><\/p>\n<ol>\n<li style=\"text-align: justify;\"><span style=\"font-weight: 400;\">\u00a0<\/span><a href=\"http:\/\/portal.concytec.gob.pe\/index.php\/programas-especiales-de-soporte-de-cti\/programa-especial-de-popularizacion-de-la-ciencia-la-tecnologia-y-la-innovacion\" target=\"_blank\" rel=\"noopener noreferrer\"><span style=\"font-weight: 400;\">Programa Especial de Popularizaci\u00f3n de la Ciencia, la Tecnolog\u00eda y la Innovaci\u00f3n (concytec.gob.pe)<\/span><\/a><\/li>\n<li style=\"text-align: justify;\"><a href=\"https:\/\/www.planetadelibros.com\/libro-verdad-y-veracidad\/89026\" target=\"_blank\" rel=\"noopener noreferrer\"><span style=\"font-weight: 400;\">Verdad y veracidad &#8211; Bernard Williams | PlanetadeLibros<\/span><\/a><\/li>\n<li style=\"text-align: justify;\"><a href=\"https:\/\/www.youtube.com\/watch?v=AwJj8GYmpgg&amp;t=947s\" target=\"_blank\" rel=\"noopener noreferrer\"><span style=\"font-weight: 400;\">#ProgramaDeCiencias | Nahuel Monteblanco &#8211; YouTube<\/span><\/a><\/li>\n<li style=\"text-align: justify;\"><a href=\"https:\/\/www.cientificos.pe\/?p=4610\" target=\"_blank\" rel=\"noopener noreferrer\"><span style=\"font-weight: 400;\">Falacia de autoridad y pseudociencia, los aliados de la Covid19 en el Per\u00fa | Cient\u00edficos.pe, Cientificos Peruanos<\/span><\/a><\/li>\n<li><a href=\"https:\/\/www.cientificos.pe\/?page_id=7028\" target=\"_blank\" rel=\"noopener noreferrer\"><span style=\"font-weight: 400;\">Videos Comparte Ciencias en la Escuela | Cient\u00edficos.pe, Cientificos Peruanos<\/span><\/a><\/li>\n<li><a href=\"https:\/\/punovive.com\/puno-ninos-caminan-dos-horas-al-cerro-para-escuchar-las-clases-de-aprendo-en-casa-y-piden-apoyo-al-presidente\/\" target=\"_blank\" rel=\"noopener noreferrer\"><span style=\"font-weight: 400;\">Puno | Ni\u00f1os caminan dos horas al cerro para escuchar las clases de Aprendo en Casa y piden apoyo al presidente &#8211; Puno Vive<\/span><\/a><\/li>\n<li><a href=\"https:\/\/www.apnoticias.pe\/peru\/larepublica-pe\/puno-escolares-que-no-aprenden-en-casa-sino-en-los-cerros-2142\" target=\"_blank\" rel=\"noopener noreferrer\"><span style=\"font-weight: 400;\">Puno: Escolares que no aprenden en casa sino en los cerros &#8211; AP Noticias<\/span><\/a><\/li>\n<li><a href=\"https:\/\/elpais.com\/internacional\/2021-04-12\/el-hombre-que-puso-a-las-elites-peruanas-a-los-pies-de-su-caballo.html\" target=\"_blank\" rel=\"noopener noreferrer\">Pedro Castillo: El hombre que puso a las \u00e9lites peruanas a los pies de su caballo | Internacional | EL PA\u00cdS (elpais.com)<\/a><\/li>\n<li><a href=\"https:\/\/www.youtube.com\/watch?v=jixxrsm6a4c&amp;t=1185s\" target=\"_blank\" rel=\"noopener noreferrer\"><span style=\"font-weight: 400;\">\u00bfQu\u00e9 es lo que hace a un ni\u00f1o inteligente? | DW Documental &#8211; YouTube<\/span><\/a><\/li>\n<\/ol>\n","protected":false},"excerpt":{"rendered":"<p>Hemos realizado divulgaci\u00f3n cient\u00edfica y fomento de la ciencia, tecnolog\u00eda e innovaci\u00f3n (CTI) de diferentes formas y usando diferentes medios digitales, hemos ido a lugares donde no se ense\u00f1a ciencias y conversado con personas ajenas a ella. Lo que hemos notado claramente, y m\u00e1s a\u00fan despu\u00e9s del inicio de la crisis de la COVID-19, es [&hellip;]<\/p>\n","protected":false},"author":5,"featured_media":7382,"comment_status":"open","ping_status":"open","sticky":false,"template":"","format":"standard","meta":[],"categories":[19,29,151,141],"tags":[380,27,72,381,51],"_links":{"self":[{"href":"https:\/\/www.cientificos.pe\/index.php?rest_route=\/wp\/v2\/posts\/7380"}],"collection":[{"href":"https:\/\/www.cientificos.pe\/index.php?rest_route=\/wp\/v2\/posts"}],"about":[{"href":"https:\/\/www.cientificos.pe\/index.php?rest_route=\/wp\/v2\/types\/post"}],"author":[{"embeddable":true,"href":"https:\/\/www.cientificos.pe\/index.php?rest_route=\/wp\/v2\/users\/5"}],"replies":[{"embeddable":true,"href":"https:\/\/www.cientificos.pe\/index.php?rest_route=%2Fwp%2Fv2%2Fcomments&post=7380"}],"version-history":[{"count":19,"href":"https:\/\/www.cientificos.pe\/index.php?rest_route=\/wp\/v2\/posts\/7380\/revisions"}],"predecessor-version":[{"id":7402,"href":"https:\/\/www.cientificos.pe\/index.php?rest_route=\/wp\/v2\/posts\/7380\/revisions\/7402"}],"wp:featuredmedia":[{"embeddable":true,"href":"https:\/\/www.cientificos.pe\/index.php?rest_route=\/wp\/v2\/media\/7382"}],"wp:attachment":[{"href":"https:\/\/www.cientificos.pe\/index.php?rest_route=%2Fwp%2Fv2%2Fmedia&parent=7380"}],"wp:term":[{"taxonomy":"category","embeddable":true,"href":"https:\/\/www.cientificos.pe\/index.php?rest_route=%2Fwp%2Fv2%2Fcategories&post=7380"},{"taxonomy":"post_tag","embeddable":true,"href":"https:\/\/www.cientificos.pe\/index.php?rest_route=%2Fwp%2Fv2%2Ftags&post=7380"}],"curies":[{"name":"wp","href":"https:\/\/api.w.org\/{rel}","templated":true}]}}