{"id":7472,"date":"2021-12-17T14:09:53","date_gmt":"2021-12-17T14:09:53","guid":{"rendered":"https:\/\/www.cientificos.pe\/?p=7472"},"modified":"2021-12-19T14:18:28","modified_gmt":"2021-12-19T14:18:28","slug":"ciencia-e-investigacion-cientifica-la-distancia-que-las-separa","status":"publish","type":"post","link":"https:\/\/www.cientificos.pe\/?p=7472","title":{"rendered":"Ciencia e Investigaci\u00f3n Cient\u00edfica, la distancia que las separa"},"content":{"rendered":"<p>&nbsp;<\/p>\n<p><img loading=\"lazy\" class=\"wp-image-7480 size-full alignright\" src=\"https:\/\/www.cientificos.pe\/wp-content\/uploads\/2021\/12\/portrait-pauvre-homme-mur-malheureux-du-cafe-lisant-journaux-interieur-maison-concept-pauvrete_509590-2797-e1639735948883.jpg\" alt=\"\" width=\"469\" height=\"352\" srcset=\"https:\/\/www.cientificos.pe\/wp-content\/uploads\/2021\/12\/portrait-pauvre-homme-mur-malheureux-du-cafe-lisant-journaux-interieur-maison-concept-pauvrete_509590-2797-e1639735948883.jpg 469w, https:\/\/www.cientificos.pe\/wp-content\/uploads\/2021\/12\/portrait-pauvre-homme-mur-malheureux-du-cafe-lisant-journaux-interieur-maison-concept-pauvrete_509590-2797-e1639735948883-300x225.jpg 300w, https:\/\/www.cientificos.pe\/wp-content\/uploads\/2021\/12\/portrait-pauvre-homme-mur-malheureux-du-cafe-lisant-journaux-interieur-maison-concept-pauvrete_509590-2797-e1639735948883-80x60.jpg 80w, https:\/\/www.cientificos.pe\/wp-content\/uploads\/2021\/12\/portrait-pauvre-homme-mur-malheureux-du-cafe-lisant-journaux-interieur-maison-concept-pauvrete_509590-2797-e1639735948883-265x198.jpg 265w\" sizes=\"(max-width: 469px) 100vw, 469px\" \/><\/p>\n<p style=\"text-align: justify;\">Es una fr\u00eda y h\u00fameda ma\u00f1ana de pandemia. Pedro a\u00fan adormitado, se encuentra disfrutando del caf\u00e9 matutino en la mesa de su vieja cocina. C\u00f3mo es su costumbre, escucha RPP como ruido de fondo para informarse y tener alg\u00fan tema de conversaci\u00f3n durante la jornada laboral. Los periodistas leen las noticias y comentan que <em>en los laboratorios se contin\u00faa luchando por encontrar<\/em><em>\u00a0un tratamiento e<\/em><em>fectivo<\/em><span style=\"text-align: justify;\"> contra esta muy contagiosa enfermedad. Adem\u00e1s, ahora debemos usar otro tipo de mascarilla pues <\/span><em>investigadores han descubierto que en algunas circunstancias, las que usamos no protegen lo suficiente<\/em><span style=\"text-align: justify;\">. Para cerrar con broche de oro, cient\u00edficos han comunicado que est\u00e1n haciendo todos sus esfuerzos para la <\/span><em>obtenci\u00f3n de una vacuna, pero que no pueden indicar a\u00fan una fecha exacta<\/em><span style=\"text-align: justify;\"><em>.<\/em> Tras un suspiro y un sorbo muy agrio se escucha un resonar en las paredes, <\/span><strong style=\"text-align: justify;\"><em>&#8220;La ciencia no sirve&#8221;<\/em><\/strong><span style=\"text-align: justify;\">, al mismo tiempo que <\/span><em style=\"text-align: justify;\">Pedro sale de la cocina con una expresi\u00f3n de resignaci\u00f3n<\/em><span style=\"text-align: justify;\">. Esa tarde durante el almuerzo se encargar\u00e1 de contarle a todos en la oficina que la <\/span><strong style=\"text-align: justify;\">ciencia no sirve<\/strong><span style=\"text-align: justify;\">.<\/span><span style=\"text-align: justify;\">\u00a0<\/span><\/p>\n<p style=\"text-align: justify;\"><span style=\"text-align: justify;\">Sin embargo, Pedro se equivoca. \u00c9l no podr\u00eda escuchar la radio, ni calentar el agua r\u00e1pidamente por inducci\u00f3n si la ciencia no jugara un rol importante y fundamental en su d\u00eda a d\u00eda. La ciencia si sirve y mucho. Pedro est\u00e1 confundido debido a que e<\/span>n nuestros medios de comunicaci\u00f3n y en el lenguaje coloquial, <span style=\"color: #000000;\"><em>la distancia que separa<\/em> lo que se entiende por <strong>&#8220;ciencia&#8221;<\/strong> de lo que en realidad es la <strong>&#8220;investigaci\u00f3n cient\u00edfica&#8221;<\/strong> se ha venido reduciendo, a tal punto de generar que muchas veces no logremos distinguirlas<\/span> y al estilo de una bola de nieve que cae y crece, est\u00e1 logrando que la sociedad en general desconf\u00ede o \u201cdeje de creer\u201d en la ciencia, cuando en realidad lo que genera la incertidumbre son los altos y bajos del proceso de hacer investigaci\u00f3n cient\u00edfica.<\/p>\n<p style=\"text-align: justify;\">Mientras que la <em>ciencia<strong> es la fotograf\u00eda del momento del conjunto de conocimientos<\/strong><\/em> <em>ya estructurados y probados usando el m\u00e9todo cient\u00edfico, adem\u00e1s validados por esta relaci\u00f3n amigablemente hostil entre los miembros y especialistas de la llamada comunidad cient\u00edfica (E. Klein), como por ejemplo que la tierra es redonda, el universo se expande, el calentamiento global, funcionamiento de las computadoras, etc., en<\/em> la vereda del frente se encuentra la investigaci\u00f3n cient\u00edfica. Esta es por su parte<em>\u00a0el proceso de<strong> b\u00fasqueda de respuestas a preguntas no respondidas a\u00fan, <\/strong><\/em><strong>para ir completando ese conocimiento universal llamado ciencia<\/strong>.<\/p>\n<p style=\"text-align: justify;\">La investigaci\u00f3n cient\u00edfica hace las preguntas necesarias, pero en su camino pueden suceder muchas cosas. \u00bfLa investigaci\u00f3n cient\u00edfica puede fallar? Por supuesto, siempre en la b\u00fasqueda de la verdad, de respuestas. Pero tambi\u00e9n, nuevas investigaciones tomando en cuenta nuevas variables, o condiciones pueden modificar o complementar el conocimiento, y aportan a ampliar la ciencia. Casos conocidos como la evoluci\u00f3n del modelo at\u00f3mico (<a href=\"https:\/\/www.cientificos.pe\/?p=260\" target=\"_blank\" rel=\"noopener noreferrer\">link de art\u00edculo<\/a>) o el paso de la mec\u00e1nica cl\u00e1sica de Newton a la teor\u00eda de la gravitaci\u00f3n universal de Einstein son ejemplos de c\u00f3mo la ciencia es din\u00e1mica y avanza, evoluciona.<\/p>\n<p style=\"text-align: justify;\">Para poner en duda a la ciencia, por ende a los conocimientos universales, hay que tener argumentos de base s\u00f3lidos. Es por ello que el &#8220;creer en algo&#8221;, &#8220;tener la intuici\u00f3n&#8221; o seguir el &#8220;sentido com\u00fan&#8221;, no bastan para generar conocimiento. Debemos seguir el m\u00e9todo cient\u00edfico que naci\u00f3 con Galileo. Como resultado de desconfiar de la ciencia, existen grupos que han generado comunidad al rededor de ideas sin evidencia cient\u00edfica.<\/p>\n<p style=\"text-align: justify;\">Dos puntos muy importantes a tocar. <em>(i)<\/em> Por un lado, <span style=\"color: #000000;\"><em>la investigaci\u00f3n cient\u00edfica, se encuentra sumergida en un ecosistema que depende de fondos, normas, infraestructura y decisiones. Es llevada a cabo por personas como usted y como yo, con sesgos pol\u00edticos (tomadores de decisiones), religiosos (creyentes) o con intereses particulares (empresarios, innovadores). <\/em><\/span>Por lo tanto, la investigaci\u00f3n puede verse direccionada por prioridades (sostenibilidad energ\u00e9tica o una vacuna en pandemia) o puede ser influenciada por grupos de poder (armamento, pesticidas, etc.). Pero ojo, sus resultados, <em>el conocimiento cient\u00edfico generado por ellos (dentro del marco \u00e9tico) si no es correcto, es desmontado en el tiempo por el mismo m\u00e9todo cient\u00edfico, por la comunidad cient\u00edfica <\/em>(Homeopat\u00eda, Di\u00f3xido de Cloro, Datos falsos, etc.). Gracias a este &#8220;m\u00e9todo de regulaci\u00f3n&#8221; del que todos los investigadores son \u00e1rbitros y est\u00e1n alrededor del mundo, la ciencia sigue avanzando. <em>(ii)<\/em> Por otro lado son los seres humanos quienes decidimos que hacer con el conocimiento adquirido.<\/p>\n<table style=\"border-collapse: collapse; width: 100%; height: 228px;\">\n<tbody>\n<tr style=\"height: 228px;\">\n<td style=\"width: 25%; height: 228px;\">\n<p><figure id=\"attachment_7491\" aria-describedby=\"caption-attachment-7491\" style=\"width: 348px\" class=\"wp-caption alignnone\"><img loading=\"lazy\" class=\"wp-image-7491\" src=\"https:\/\/www.cientificos.pe\/wp-content\/uploads\/2021\/12\/600206329_197584670_1706x960.jpg\" alt=\"\" width=\"348\" height=\"195\" srcset=\"https:\/\/www.cientificos.pe\/wp-content\/uploads\/2021\/12\/600206329_197584670_1706x960.jpg 1706w, https:\/\/www.cientificos.pe\/wp-content\/uploads\/2021\/12\/600206329_197584670_1706x960-300x169.jpg 300w, https:\/\/www.cientificos.pe\/wp-content\/uploads\/2021\/12\/600206329_197584670_1706x960-1024x576.jpg 1024w, https:\/\/www.cientificos.pe\/wp-content\/uploads\/2021\/12\/600206329_197584670_1706x960-768x432.jpg 768w, https:\/\/www.cientificos.pe\/wp-content\/uploads\/2021\/12\/600206329_197584670_1706x960-1536x864.jpg 1536w, https:\/\/www.cientificos.pe\/wp-content\/uploads\/2021\/12\/600206329_197584670_1706x960-696x392.jpg 696w, https:\/\/www.cientificos.pe\/wp-content\/uploads\/2021\/12\/600206329_197584670_1706x960-1068x601.jpg 1068w, https:\/\/www.cientificos.pe\/wp-content\/uploads\/2021\/12\/600206329_197584670_1706x960-746x420.jpg 746w\" sizes=\"(max-width: 348px) 100vw, 348px\" \/><figcaption id=\"caption-attachment-7491\" class=\"wp-caption-text\">Negacionistas,niegan la evidencia cient<em>\u00ed<\/em>fica<\/figcaption><\/figure><\/td>\n<td style=\"width: 25%; height: 228px;\">\n<p><figure id=\"attachment_7492\" aria-describedby=\"caption-attachment-7492\" style=\"width: 290px\" class=\"wp-caption alignnone\"><img loading=\"lazy\" class=\"wp-image-7492\" src=\"https:\/\/www.cientificos.pe\/wp-content\/uploads\/2021\/12\/antivacunas-ChileProtestasCovidOK-AFP.jpg\" alt=\"\" width=\"290\" height=\"193\" srcset=\"https:\/\/www.cientificos.pe\/wp-content\/uploads\/2021\/12\/antivacunas-ChileProtestasCovidOK-AFP.jpg 1200w, https:\/\/www.cientificos.pe\/wp-content\/uploads\/2021\/12\/antivacunas-ChileProtestasCovidOK-AFP-300x200.jpg 300w, https:\/\/www.cientificos.pe\/wp-content\/uploads\/2021\/12\/antivacunas-ChileProtestasCovidOK-AFP-1024x683.jpg 1024w, https:\/\/www.cientificos.pe\/wp-content\/uploads\/2021\/12\/antivacunas-ChileProtestasCovidOK-AFP-768x512.jpg 768w, https:\/\/www.cientificos.pe\/wp-content\/uploads\/2021\/12\/antivacunas-ChileProtestasCovidOK-AFP-696x464.jpg 696w, https:\/\/www.cientificos.pe\/wp-content\/uploads\/2021\/12\/antivacunas-ChileProtestasCovidOK-AFP-1068x712.jpg 1068w, https:\/\/www.cientificos.pe\/wp-content\/uploads\/2021\/12\/antivacunas-ChileProtestasCovidOK-AFP-630x420.jpg 630w\" sizes=\"(max-width: 290px) 100vw, 290px\" \/><figcaption id=\"caption-attachment-7492\" class=\"wp-caption-text\">Dioxido de cloro, Pseudociencia, no cuenta con evidencia cient<em>\u00ed<\/em>fica<\/figcaption><\/figure><\/td>\n<td style=\"width: 25%; height: 228px;\">\n<p><figure id=\"attachment_7496\" aria-describedby=\"caption-attachment-7496\" style=\"width: 275px\" class=\"wp-caption alignnone\"><img loading=\"lazy\" class=\"wp-image-7496\" src=\"https:\/\/www.cientificos.pe\/wp-content\/uploads\/2021\/12\/tierra-plana_1.jpg\" alt=\"\" width=\"275\" height=\"206\" srcset=\"https:\/\/www.cientificos.pe\/wp-content\/uploads\/2021\/12\/tierra-plana_1.jpg 760w, https:\/\/www.cientificos.pe\/wp-content\/uploads\/2021\/12\/tierra-plana_1-300x225.jpg 300w, https:\/\/www.cientificos.pe\/wp-content\/uploads\/2021\/12\/tierra-plana_1-80x60.jpg 80w, https:\/\/www.cientificos.pe\/wp-content\/uploads\/2021\/12\/tierra-plana_1-265x198.jpg 265w, https:\/\/www.cientificos.pe\/wp-content\/uploads\/2021\/12\/tierra-plana_1-696x522.jpg 696w, https:\/\/www.cientificos.pe\/wp-content\/uploads\/2021\/12\/tierra-plana_1-560x420.jpg 560w\" sizes=\"(max-width: 275px) 100vw, 275px\" \/><figcaption id=\"caption-attachment-7496\" class=\"wp-caption-text\">Terraplanistas, niegan la evidencia cient<em>\u00ed<\/em>fica<\/figcaption><\/figure><\/td>\n<\/tr>\n<\/tbody>\n<\/table>\n<p style=\"text-align: justify;\">Lamentablemente,<span style=\"color: #000000;\"><em> si no se tiene clara la diferencia entre ciencia e investigaci\u00f3n cient\u00edfica<\/em><\/span> se da\u00f1a la confianza frente a la sociedad. Esto es muy sensible pues necesitamos hoy mas que nunca de toda la sociedad civil organizada, de su apoyo para el fomento de pol\u00edticas p\u00fablicas pro-educaci\u00f3n, ciencia y tecnolog\u00eda. Para que m\u00e1s miembros de nuestra sociedad puedan distinguir entre la ciencia y la investigaci\u00f3n cient\u00edfica, para que no se realicen pol\u00edticas p\u00fablicas sin evidencia, se hace imperativo seguir fomentando el pensamiento cr\u00edtico y la cultura cient\u00edfica.<\/p>\n<p style=\"text-align: justify;\">Todos conocemos a Pedro, hay que conversar con \u00e9l y enviarle este art\u00edculo. A estar atentos.<\/p>\n<p style=\"text-align: justify;\">Nahuel Monteblanco, PhD,<\/p>\n<figure id=\"attachment_7381\" aria-describedby=\"caption-attachment-7381\" style=\"width: 163px\" class=\"wp-caption alignnone\"><img loading=\"lazy\" class=\"wp-image-7381\" src=\"https:\/\/www.cientificos.pe\/wp-content\/uploads\/2021\/11\/Nahuel-new.jpg\" alt=\"\" width=\"163\" height=\"163\" srcset=\"https:\/\/www.cientificos.pe\/wp-content\/uploads\/2021\/11\/Nahuel-new.jpg 400w, https:\/\/www.cientificos.pe\/wp-content\/uploads\/2021\/11\/Nahuel-new-300x300.jpg 300w, https:\/\/www.cientificos.pe\/wp-content\/uploads\/2021\/11\/Nahuel-new-150x150.jpg 150w\" sizes=\"(max-width: 163px) 100vw, 163px\" \/><figcaption id=\"caption-attachment-7381\" class=\"wp-caption-text\">Twitter @nmonteblanco<\/figcaption><\/figure>\n<p>&nbsp;<\/p>\n","protected":false},"excerpt":{"rendered":"<p>&nbsp; Es una fr\u00eda y h\u00fameda ma\u00f1ana de pandemia. Pedro a\u00fan adormitado, se encuentra disfrutando del caf\u00e9 matutino en la mesa de su vieja cocina. C\u00f3mo es su costumbre, escucha RPP como ruido de fondo para informarse y tener alg\u00fan tema de conversaci\u00f3n durante la jornada laboral. Los periodistas leen las noticias y comentan que [&hellip;]<\/p>\n","protected":false},"author":5,"featured_media":7475,"comment_status":"open","ping_status":"open","sticky":false,"template":"","format":"standard","meta":[],"categories":[19,29,141],"tags":[380,51,145,382],"_links":{"self":[{"href":"https:\/\/www.cientificos.pe\/index.php?rest_route=\/wp\/v2\/posts\/7472"}],"collection":[{"href":"https:\/\/www.cientificos.pe\/index.php?rest_route=\/wp\/v2\/posts"}],"about":[{"href":"https:\/\/www.cientificos.pe\/index.php?rest_route=\/wp\/v2\/types\/post"}],"author":[{"embeddable":true,"href":"https:\/\/www.cientificos.pe\/index.php?rest_route=\/wp\/v2\/users\/5"}],"replies":[{"embeddable":true,"href":"https:\/\/www.cientificos.pe\/index.php?rest_route=%2Fwp%2Fv2%2Fcomments&post=7472"}],"version-history":[{"count":49,"href":"https:\/\/www.cientificos.pe\/index.php?rest_route=\/wp\/v2\/posts\/7472\/revisions"}],"predecessor-version":[{"id":7535,"href":"https:\/\/www.cientificos.pe\/index.php?rest_route=\/wp\/v2\/posts\/7472\/revisions\/7535"}],"wp:featuredmedia":[{"embeddable":true,"href":"https:\/\/www.cientificos.pe\/index.php?rest_route=\/wp\/v2\/media\/7475"}],"wp:attachment":[{"href":"https:\/\/www.cientificos.pe\/index.php?rest_route=%2Fwp%2Fv2%2Fmedia&parent=7472"}],"wp:term":[{"taxonomy":"category","embeddable":true,"href":"https:\/\/www.cientificos.pe\/index.php?rest_route=%2Fwp%2Fv2%2Fcategories&post=7472"},{"taxonomy":"post_tag","embeddable":true,"href":"https:\/\/www.cientificos.pe\/index.php?rest_route=%2Fwp%2Fv2%2Ftags&post=7472"}],"curies":[{"name":"wp","href":"https:\/\/api.w.org\/{rel}","templated":true}]}}