{"id":8112,"date":"2023-01-17T11:20:35","date_gmt":"2023-01-17T11:20:35","guid":{"rendered":"https:\/\/www.cientificos.pe\/?p=8112"},"modified":"2023-01-17T14:00:50","modified_gmt":"2023-01-17T14:00:50","slug":"el-fomento-de-la-ciencia-desde-la-provincia-de-carabaya-hasta-las-estrellas","status":"publish","type":"post","link":"https:\/\/www.cientificos.pe\/?p=8112","title":{"rendered":"El fomento de la ciencia desde la provincia de\u00a0 Carabaya hasta las estrellas"},"content":{"rendered":"<p><img loading=\"lazy\" class=\"alignnone wp-image-8135\" src=\"https:\/\/www.cientificos.pe\/wp-content\/uploads\/2023\/01\/aniversario-de-carabaya-2-1024x1024-1.jpeg\" alt=\"\" width=\"272\" height=\"272\" srcset=\"https:\/\/www.cientificos.pe\/wp-content\/uploads\/2023\/01\/aniversario-de-carabaya-2-1024x1024-1.jpeg 1024w, https:\/\/www.cientificos.pe\/wp-content\/uploads\/2023\/01\/aniversario-de-carabaya-2-1024x1024-1-300x300.jpeg 300w, https:\/\/www.cientificos.pe\/wp-content\/uploads\/2023\/01\/aniversario-de-carabaya-2-1024x1024-1-150x150.jpeg 150w, https:\/\/www.cientificos.pe\/wp-content\/uploads\/2023\/01\/aniversario-de-carabaya-2-1024x1024-1-768x768.jpeg 768w, https:\/\/www.cientificos.pe\/wp-content\/uploads\/2023\/01\/aniversario-de-carabaya-2-1024x1024-1-696x696.jpeg 696w, https:\/\/www.cientificos.pe\/wp-content\/uploads\/2023\/01\/aniversario-de-carabaya-2-1024x1024-1-420x420.jpeg 420w\" sizes=\"(max-width: 272px) 100vw, 272px\" \/>\u00a0<img loading=\"lazy\" class=\"alignnone wp-image-8117\" src=\"https:\/\/www.cientificos.pe\/wp-content\/uploads\/2023\/01\/carabaya-12-2.jpg\" alt=\"\" width=\"362\" height=\"272\" srcset=\"https:\/\/www.cientificos.pe\/wp-content\/uploads\/2023\/01\/carabaya-12-2.jpg 640w, https:\/\/www.cientificos.pe\/wp-content\/uploads\/2023\/01\/carabaya-12-2-300x225.jpg 300w, https:\/\/www.cientificos.pe\/wp-content\/uploads\/2023\/01\/carabaya-12-2-80x60.jpg 80w, https:\/\/www.cientificos.pe\/wp-content\/uploads\/2023\/01\/carabaya-12-2-265x198.jpg 265w, https:\/\/www.cientificos.pe\/wp-content\/uploads\/2023\/01\/carabaya-12-2-560x420.jpg 560w\" sizes=\"(max-width: 362px) 100vw, 362px\" \/><\/p>\n<p style=\"text-align: justify;\"><span style=\"font-weight: 400;\">A la comunidad de Cient\u00edficos.pe le une una relaci\u00f3n de colaboraci\u00f3n muy importante con la regi\u00f3n Puno, especialmente con los docentes y estudiantes de una de sus trece provincias, la provincia de Carabaya. Esta provincia se encuentra en la frontera con los departamentos de Cusco y Madre de Dios.<\/span><\/p>\n<p><img loading=\"lazy\" class=\"wp-image-8113 aligncenter\" src=\"https:\/\/www.cientificos.pe\/wp-content\/uploads\/2023\/01\/provincias-puno-e1673954637137.png\" alt=\"\" width=\"689\" height=\"430\" srcset=\"https:\/\/www.cientificos.pe\/wp-content\/uploads\/2023\/01\/provincias-puno-e1673954637137.png 625w, https:\/\/www.cientificos.pe\/wp-content\/uploads\/2023\/01\/provincias-puno-e1673954637137-300x187.png 300w\" sizes=\"(max-width: 689px) 100vw, 689px\" \/><\/p>\n<p style=\"text-align: justify;\"><span style=\"font-weight: 400;\">Es por el \u00edmpetu de uno de sus docentes que desde hace dos a\u00f1os, Cientificos.pe tiene el gusto de compartir su iniciativa \u201cComparte Ciencias en la Escuela\u201d con el programa \u201cVoces de la Ciencia\u201d de la UGEL Carabaya. En total hemos logrado organizar m\u00e1s de 30 charlas, brindadas por cient\u00edficos peruanos alrededor del mundo. Estamos obviamente muy agradecidos con ellos pues con mucho cari\u00f1o aceptaron el reto de participar. 2021- <a href=\"https:\/\/www.cientificos.pe\/?page_id=7991\">Videos Comparte Ciencias en la Escuela 2021 | Cient\u00edficos.pe, Cientificos Peruanos<\/a> 2022-<a href=\"https:\/\/www.cientificos.pe\/?page_id=7988\">Videos Comparte Ciencias en la Escuela 2022 | Cient\u00edficos.pe, Cientificos Peruanos<\/a><\/span><\/p>\n<p style=\"text-align: justify;\"><span style=\"font-weight: 400;\">Este fin de a\u00f1o nos enteramos\u00a0 a trav\u00e9s del profesor Rene Pacho Alvarez (Especialista en Ciencia y Tecnolog\u00eda de la UGEL Carabaya y responsable de llevar a cabo Comparte Ciencias en la UGEL Carabaya) que la Municipalidad de Carabaya y la UGEL confirmaban la adquisici\u00f3n y donaci\u00f3n de 19 <\/span><b><i>telescopios Celestron &#8211; AstroMaster 130eq<\/i><\/b><span style=\"font-weight: 400;\">, de los cuales 10 tendr\u00e1n como destino final las instituciones educativas iniciales, primarias y secundarias del distrito de Macusani y los 9 restaurantes ir\u00e1n a instituciones educativas secundarias de los distritos que comprenden y son de intervenci\u00f3n administrativa de la UGEL.<\/span><\/p>\n<p>\u00a0<img loading=\"lazy\" class=\"wp-image-8126 aligncenter\" src=\"https:\/\/www.cientificos.pe\/wp-content\/uploads\/2023\/01\/WhatsApp-Image-2022-12-28-at-18.43.36-1.jpeg\" alt=\"\" width=\"531\" height=\"354\" srcset=\"https:\/\/www.cientificos.pe\/wp-content\/uploads\/2023\/01\/WhatsApp-Image-2022-12-28-at-18.43.36-1.jpeg 1280w, https:\/\/www.cientificos.pe\/wp-content\/uploads\/2023\/01\/WhatsApp-Image-2022-12-28-at-18.43.36-1-300x200.jpeg 300w, https:\/\/www.cientificos.pe\/wp-content\/uploads\/2023\/01\/WhatsApp-Image-2022-12-28-at-18.43.36-1-1024x682.jpeg 1024w, https:\/\/www.cientificos.pe\/wp-content\/uploads\/2023\/01\/WhatsApp-Image-2022-12-28-at-18.43.36-1-768x512.jpeg 768w, https:\/\/www.cientificos.pe\/wp-content\/uploads\/2023\/01\/WhatsApp-Image-2022-12-28-at-18.43.36-1-696x464.jpeg 696w, https:\/\/www.cientificos.pe\/wp-content\/uploads\/2023\/01\/WhatsApp-Image-2022-12-28-at-18.43.36-1-1068x712.jpeg 1068w, https:\/\/www.cientificos.pe\/wp-content\/uploads\/2023\/01\/WhatsApp-Image-2022-12-28-at-18.43.36-1-630x420.jpeg 630w\" sizes=\"(max-width: 531px) 100vw, 531px\" \/><img loading=\"lazy\" class=\"wp-image-8125 aligncenter\" src=\"https:\/\/www.cientificos.pe\/wp-content\/uploads\/2023\/01\/WhatsApp-Image-2022-12-28-at-18.43.32-5.jpeg\" alt=\"\" width=\"531\" height=\"354\" srcset=\"https:\/\/www.cientificos.pe\/wp-content\/uploads\/2023\/01\/WhatsApp-Image-2022-12-28-at-18.43.32-5.jpeg 1280w, https:\/\/www.cientificos.pe\/wp-content\/uploads\/2023\/01\/WhatsApp-Image-2022-12-28-at-18.43.32-5-300x200.jpeg 300w, https:\/\/www.cientificos.pe\/wp-content\/uploads\/2023\/01\/WhatsApp-Image-2022-12-28-at-18.43.32-5-1024x682.jpeg 1024w, https:\/\/www.cientificos.pe\/wp-content\/uploads\/2023\/01\/WhatsApp-Image-2022-12-28-at-18.43.32-5-768x512.jpeg 768w, https:\/\/www.cientificos.pe\/wp-content\/uploads\/2023\/01\/WhatsApp-Image-2022-12-28-at-18.43.32-5-696x464.jpeg 696w, https:\/\/www.cientificos.pe\/wp-content\/uploads\/2023\/01\/WhatsApp-Image-2022-12-28-at-18.43.32-5-1068x712.jpeg 1068w, https:\/\/www.cientificos.pe\/wp-content\/uploads\/2023\/01\/WhatsApp-Image-2022-12-28-at-18.43.32-5-630x420.jpeg 630w\" sizes=\"(max-width: 531px) 100vw, 531px\" \/><\/p>\n<p style=\"text-align: justify;\"><span style=\"font-weight: 400;\">Cabe destacar que, los telescopios entre otros recursos educativos, son fruto de las gestiones realizadas frente a la Ugel y a la Municipalidad Provincial de Carabaya por el Prof. Ren\u00e9 Pacho \u00c1lvarez, Prof. Justino Mamani Chupa (Director de la IES \u201cJulio Enrique Barreda Arag\u00f3n\u201d &#8211; Tantamaco), Prof. Jos\u00e9 Daniel Cahuana Quispe (Sub Director de la IEP N\u00ba 73002 \u201cGlorioso 821\u201d &#8211; Macusani) entre otros docentes.\u00a0<\/span><\/p>\n<p style=\"text-align: justify;\"><span style=\"font-weight: 400;\">Como se puede observar en las fotos, la entrega de estos equipos se llev\u00f3 a cabo en la plaza de Macusani, en presencia de las autoridades de la UGEL, la municipalidad, docentes y\u00a0 padres de familia.\u00a0<\/span><\/p>\n<p style=\"text-align: justify;\"><img loading=\"lazy\" class=\"size-full wp-image-8127 aligncenter\" src=\"https:\/\/www.cientificos.pe\/wp-content\/uploads\/2023\/01\/WhatsApp-Image-2022-12-28-at-18.43.32.jpeg\" alt=\"\" width=\"1280\" height=\"853\" srcset=\"https:\/\/www.cientificos.pe\/wp-content\/uploads\/2023\/01\/WhatsApp-Image-2022-12-28-at-18.43.32.jpeg 1280w, https:\/\/www.cientificos.pe\/wp-content\/uploads\/2023\/01\/WhatsApp-Image-2022-12-28-at-18.43.32-300x200.jpeg 300w, https:\/\/www.cientificos.pe\/wp-content\/uploads\/2023\/01\/WhatsApp-Image-2022-12-28-at-18.43.32-1024x682.jpeg 1024w, https:\/\/www.cientificos.pe\/wp-content\/uploads\/2023\/01\/WhatsApp-Image-2022-12-28-at-18.43.32-768x512.jpeg 768w, https:\/\/www.cientificos.pe\/wp-content\/uploads\/2023\/01\/WhatsApp-Image-2022-12-28-at-18.43.32-696x464.jpeg 696w, https:\/\/www.cientificos.pe\/wp-content\/uploads\/2023\/01\/WhatsApp-Image-2022-12-28-at-18.43.32-1068x712.jpeg 1068w, https:\/\/www.cientificos.pe\/wp-content\/uploads\/2023\/01\/WhatsApp-Image-2022-12-28-at-18.43.32-630x420.jpeg 630w\" sizes=\"(max-width: 1280px) 100vw, 1280px\" \/><\/p>\n<p style=\"text-align: justify;\"><span style=\"font-weight: 400;\">Estamos seguros que esta importante adq<\/span>uisici\u00f3n dar\u00e1 paso a la creaci\u00f3n de diferentes grupos de astronom\u00eda observacional principalmente en las escuelas, pues abre la posibilidad de observar planetas\u00a0 cercanos a la tierra con facilidad. Adem\u00e1s en algunos meses seremos testigos del avance en la comprensi\u00f3n de nuestro sistema solar, pues los docentes de ciencias naturales podr\u00e1n realizar clases pr\u00e1cticas, explicar lo maravilloso que es el universo y el movimiento de los astros.<\/p>\n<p style=\"text-align: justify;\"><span style=\"font-weight: 400;\">Nuestros hermanos de la regi\u00f3n Puno han demostrado tener un gran deseo de fomentar la ciencia y proveer de buena educaci\u00f3n entre los m\u00e1s j\u00f3venes, por lo que esperamos puedan contar con nuestra asociaci\u00f3n para juntos ser aliados y colaborar en la obtenci\u00f3n de sus objetivos.\u00a0<\/span><\/p>\n<p style=\"text-align: justify;\"><span style=\"font-weight: 400;\">Cientificos.pe<\/span><\/p>\n","protected":false},"excerpt":{"rendered":"<p>\u00a0 A la comunidad de Cient\u00edficos.pe le une una relaci\u00f3n de colaboraci\u00f3n muy importante con la regi\u00f3n Puno, especialmente con los docentes y estudiantes de una de sus trece provincias, la provincia de Carabaya. Esta provincia se encuentra en la frontera con los departamentos de Cusco y Madre de Dios. Es por el \u00edmpetu de [&hellip;]<\/p>\n","protected":false},"author":2,"featured_media":8117,"comment_status":"open","ping_status":"open","sticky":false,"template":"","format":"standard","meta":[],"categories":[29],"tags":[],"_links":{"self":[{"href":"https:\/\/www.cientificos.pe\/index.php?rest_route=\/wp\/v2\/posts\/8112"}],"collection":[{"href":"https:\/\/www.cientificos.pe\/index.php?rest_route=\/wp\/v2\/posts"}],"about":[{"href":"https:\/\/www.cientificos.pe\/index.php?rest_route=\/wp\/v2\/types\/post"}],"author":[{"embeddable":true,"href":"https:\/\/www.cientificos.pe\/index.php?rest_route=\/wp\/v2\/users\/2"}],"replies":[{"embeddable":true,"href":"https:\/\/www.cientificos.pe\/index.php?rest_route=%2Fwp%2Fv2%2Fcomments&post=8112"}],"version-history":[{"count":13,"href":"https:\/\/www.cientificos.pe\/index.php?rest_route=\/wp\/v2\/posts\/8112\/revisions"}],"predecessor-version":[{"id":8137,"href":"https:\/\/www.cientificos.pe\/index.php?rest_route=\/wp\/v2\/posts\/8112\/revisions\/8137"}],"wp:featuredmedia":[{"embeddable":true,"href":"https:\/\/www.cientificos.pe\/index.php?rest_route=\/wp\/v2\/media\/8117"}],"wp:attachment":[{"href":"https:\/\/www.cientificos.pe\/index.php?rest_route=%2Fwp%2Fv2%2Fmedia&parent=8112"}],"wp:term":[{"taxonomy":"category","embeddable":true,"href":"https:\/\/www.cientificos.pe\/index.php?rest_route=%2Fwp%2Fv2%2Fcategories&post=8112"},{"taxonomy":"post_tag","embeddable":true,"href":"https:\/\/www.cientificos.pe\/index.php?rest_route=%2Fwp%2Fv2%2Ftags&post=8112"}],"curies":[{"name":"wp","href":"https:\/\/api.w.org\/{rel}","templated":true}]}}