{"id":8242,"date":"2023-07-24T19:18:39","date_gmt":"2023-07-24T19:18:39","guid":{"rendered":"https:\/\/www.cientificos.pe\/?p=8242"},"modified":"2024-05-23T13:14:57","modified_gmt":"2024-05-23T13:14:57","slug":"relatos-salvajes-de-congresos-cti","status":"publish","type":"post","link":"https:\/\/www.cientificos.pe\/?p=8242","title":{"rendered":"5 Relatos salvajes, edici\u00f3n conferencias cient\u00edficas"},"content":{"rendered":"<p>&nbsp;<\/p>\n<p style=\"text-align: justify;\">Lleg\u00f3 el verano de la mano de un fen\u00f3meno del ni\u00f1o global y con \u00e9l tambi\u00e9n los congresos y reuniones cient\u00edficas. Participar nos involucra a todos los que trabajamos alrededor de la creaci\u00f3n de conocimiento, que no es lo mismo que la creaci\u00f3n de contenido. (<span style=\"text-decoration: underline;\">No te olvides dejar un Me Gusta y seguir la cuenta de @cientificospe<\/span>). Recordemos que los congresos cient\u00edficos son importantes pues se utilizan para comunicar los resultados y avances, algo fundamental para el avance de la ciencia, la tecnolog\u00eda y la innovaci\u00f3n (CTI).\u00a0En varias oportunidades integr\u00e9 equipos de organizaci\u00f3n de congresos, y soy testigo del esfuerzo que es realizado en el d\u00eda a d\u00eda por cada uno de los integrantes.<\/p>\n<p style=\"text-align: justify;\">Hoy mientras tomaba el caf\u00e9 de la ma\u00f1ana, sumergido en el frio de verano matinal, recordaba las an\u00e9cdotas, a los amigos, y la buena experiencia de ser organizador. De ellas ya tendremos tiempo de conversar, pero hoy me decid\u00ed a escribir no de lo bonito, al contrario, hoy quiero redactar algunos relatos salvajes alrededor de esta vertiginosa tarea de ser parte de la organizaci\u00f3n en algunos congresos de CTI. Muchas cr\u00f3nicas fueron desempolvadas del ba\u00fal de los malos recuerdos, donde permanecieron aisladas por a\u00f1os. Hoy pienso que reflejan lo poco profesional e improvisado que era hasta hace unos a\u00f1os la educaci\u00f3n superior y la investigaci\u00f3n en nuestro pa\u00eds. \u00bfHabr\u00e1 mejorado?<\/p>\n<p style=\"text-align: justify;\">*Cualquier parecido con la realidad no es pura coincidencia. Los lugares y personajes no son ficticios.<\/p>\n<h3><strong>El experto en Photoshop, de Chupaca a la Rambla<\/strong><\/h3>\n<p style=\"text-align: justify;\">Transcurr\u00eda de la mejor manera la segunda fecha del III Congreso de Investigadores Parisinos (CIP) en Barcelona. Participantes y organizadores pon\u00edan de su parte para que todo saliera de la mejor manera. Durante la pausa de la hora del almuerzo, aprovech\u00e9 para instalarme unos minutos en la mesa principal del escenario junto a Ivette, ordenando en la laptop los archivos de las ponencias de la sesi\u00f3n de la tarde. Minutos m\u00e1s tarde, ya cuando todos se hab\u00edan retirado y hab\u00edamos cerrado la sala por seguridad, recib\u00ed una notificaci\u00f3n de una red social en el celular.<\/p>\n<p style=\"text-align: justify;\">Al ingresar a la aplicaci\u00f3n apareci\u00f3 inmediatamente una fotograf\u00eda de la sala principal de la conferencia. En ella se ve\u00eda la proyecci\u00f3n de la primera diapositiva de una charla de ingenier\u00eda, al expositor adelante de la proyecci\u00f3n de pie con una postura de \u00e9xito rotundo, como disponi\u00e9ndose a empezar con su charla. Al lado izquierdo de la fotografia, sentados en una mesa frente a la computadora se podia indentificar a los responsables de la sesi\u00f3n, es decir Ivette y yo. Esto no tendr\u00eda nada de raro, salvo que en el momento en que trabaj\u00e1bamos en esa mesa no hab\u00eda m\u00e1s que una pantalla azul de fondo de un proyector Epson desconectado. El docente investigador hab\u00eda pedido le tomen una fotograf\u00eda, de pie al estilo libertador, delante de la pantalla azul para luego utilizar sus habilidades en dise\u00f1o gr\u00e1fico e incluir la diapositiva de PowerPoint correspondiente a su trabajo de investigaci\u00f3n detr\u00e1s de \u00e9l, haciendo creer a todos en las redes sociales que hab\u00eda sido ponente en el congreso.<\/p>\n<p style=\"text-align: justify;\">Aceptando su culpa con una sonrisa enternecedora y una disculpa que no se sinti\u00f3 honesta retir\u00f3 la foto de las redes. Nos quedar\u00e1 siempre la curiosidad del destino de este personaje, \u00bfseguira siendo docente universitario?, \u00bfcontinuar\u00e1 viajando por el mundo con su c\u00e1mara subvencionado por su universidad?<\/p>\n<p>FIN<\/p>\n<h3><strong>Ense\u00f1ando a investigar en un congreso de investigadores de la Uni\u00f3n Europea<\/strong><\/h3>\n<p style=\"text-align: justify;\">Presentarse en un encuentro de investigadores para hacer negocios es algo que se acostumbra por parte de las empresas que ofrecen servicios o tecnolog\u00eda relacionada a la tem\u00e1tica del congreso. Por lo tanto, recibir publicidad de ellas durante las conferencias no deber\u00eda sorprendernos. El IV CIP en el que participamos se llev\u00f3 a cabo en una hermosa universidad europea, con instalaciones muy antiguas y modernas a la vez, un lujo de evento. En ese momento no hab\u00eda forma de imaginar que ser\u00eda el inicio de una de mis peores pesadillas.<\/p>\n<p style=\"text-align: justify;\">Durante un coffe break recib\u00ed la publicidad de una empresa que brinda el servicio de ense\u00f1ar a investigar a docentes e investigadores, y adem\u00e1s incluye la escritura de un art\u00edculo cient\u00edfico. Esto \u00faltimo utilizando tesis empolvadas (seg\u00fan el empresario presente). S\u00ed, es la misma empresa que alguna vez en una feria del libro ofrec\u00eda servicios de correcci\u00f3n de tesis y que hoy ofrece postdoctorados. Realmente los investigadores y estudiantes de doctorado no pod\u00edan ocultar su asombro.<\/p>\n<p style=\"text-align: justify;\">No podemos reproducir la discusi\u00f3n que tuvimos, en donde se evidenci\u00f3 la falta de conocimiento de lo que nuestro sistema de CTI necesita. Grande fue mi sorpresa cuando d\u00edas m\u00e1s tarde otra notificaci\u00f3n en redes sociales me alertaba de una fotograf\u00eda tomada durante la discusi\u00f3n con el empresario delante de su p\u00f3ster, en donde yo parec\u00eda interesado en los servicios. Esta fotografia se encontraba en las redes de la empresa, la cual accedi\u00f3 a retirarla luego de mi reclamo.<\/p>\n<p style=\"text-align: justify;\">Nuestro pa\u00eds necesita de investigadores de carrera, ya formados y con todo un networking y experiencia para liderar l\u00edneas de investigaci\u00f3n. Con ellos formaremos buen capital humano y avanzaremos. El publicar por publicar es inocuo, salvo para el bolsillo de los empresarios y las estad\u00edsticas de las universidades en donde realmente no hay una cultura cient\u00edfica y de investigaci\u00f3n. No nos dejemos enga\u00f1ar por quienes nos venden humo.<\/p>\n<p>FIN<\/p>\n<h3><strong>Los coautores como cancha, entre Huaraz y Pakist\u00e1n<\/strong><\/h3>\n<p style=\"text-align: justify;\">Existen art\u00edculos en los que la cantidad de autores llama la atenci\u00f3n, algo com\u00fan por ejemplo en papers publicados por varios grupos de investigaci\u00f3n a la vez, donde existen proyectos en com\u00fan y donde todos aportan al desarrollo y creaci\u00f3n de conocimiento.\u00a0En una ocasi\u00f3n un equipo de trabajo de un CIP recibi\u00f3 un abstract de un docente investigador proveniente de una universidad cercana del Huascar\u00e1n, algo muy interesante pues motiva a seguir fomentando la investigaci\u00f3n y la colaboraci\u00f3n con nuestro pa\u00eds.<\/p>\n<p style=\"text-align: justify;\">Grande fue nuestra sorpresa al descubrir que el expositor contaba con art\u00edculos en donde todos los co-autores eran de Pakist\u00e1n. Definitivamente los pakistan\u00edes deben estar muy entusiasmados con publicar con parisinos. Las relaciones cient\u00edficas con este pa\u00eds deben haber sido fortalecidas por CONCYTEC, tal vez&#8230;. Como era de esperarse se le pregunt\u00f3 al expositor sobre este art\u00edculo cient\u00edfico y la relaci\u00f3n entre Pakist\u00e1n y Huaraz. La respuesta fue la siguiente, &#8220;yo no s\u00e9, fue mi colega quien me invit\u00f3, yo escrib\u00ed el marco te\u00f3rico del articulo cient\u00edfico&#8221;. Justificaciones que se reciben de quienes publican con atajos, sin realizar la investigaci\u00f3n y que trabajan en universidades peruanas formando a las nuevas generaciones.<\/p>\n<p style=\"text-align: justify;\">La cereza del pastel fue el pedido que hizo el expositor para presentar su p\u00f3ster a pesar de todo lo que habiamos descubierto (dado que ese poster no ten\u00eda autores pakistan\u00edes), adem\u00e1s pidi\u00f3 que su colega, el co-autor, expusiera con \u00e9l pues estaba presente y por qu\u00e9 adem\u00e1s deb\u00edan justificar el viaje con su universidad, con fotos y el certificado correspondiente. Obviamente el viaje ser\u00e1 subvencionado por la universidad, no nos queda duda.<\/p>\n<p>FIN<\/p>\n<h3><strong>Los res\u00famenes de wikipedia, del cloud al congreso\u00a0<\/strong><\/h3>\n<p style=\"text-align: justify;\">El diablo est\u00e1 en los detalles. Nos cuentan que leyendo el resumen de una investigaci\u00f3n que postulaba a ser aceptada como una presentaci\u00f3n oral, fue m\u00e1s que evidente la incoherencia que mostraba por partes la redacci\u00f3n. El resumen presentaba transiciones de un castellano peruano cultivado a un castellano espa\u00f1ol muy sospechoso.<\/p>\n<p style=\"text-align: justify;\">Al colocar partes del resumen en Google encontramos que parte de \u00e9l era una copia parcial de un texto de wikip\u00e9dia. No fue el \u00fanico caso, pues gracias a este precedente se analizaron otros res\u00famenes, encontrando uno el cual era la introducci\u00f3n de un art\u00edculo ya publicado por otra persona.<\/p>\n<p style=\"text-align: justify;\">Esta mala pr\u00e1ctica evidentemente no fue tolerada, por lo que se desestim\u00f3 la participaci\u00f3n de ambos res\u00famenes y se les explic\u00f3 las razones. Debido a que uno de ellos es docente universitaria se le pidi\u00f3 tuviera un comportamiento ejemplar con sus estudiantes. Esperamos que haya aprendido la lecci\u00f3n.<\/p>\n<p>FIN<\/p>\n<h3><strong>La tercera es la vencida, la hora Cabana en Catalu\u00f1a<\/strong><\/h3>\n<p style=\"text-align: justify;\">Despu\u00e9s de 12 horas de viaje desde Lima sobrevolando el oc\u00e9ano Atl\u00e1ntico, Juan Carlos, docente investigador de una prestigiosa universidad de la capital dedicada a la agricultura, se encontraba desde la v\u00edspera listo para participar como expositor en el III CIP en Barcelona. Su charla estaba programada para el primer d\u00eda del evento a las 10am, pero por problemas atribuidos al tr\u00e1fico de la ciudad no pudo llegar a tiempo del hotel a la sala de conferencias. La organizaci\u00f3n, consciente del problema y buscando que no se pierda la oportunidad de participar, traslad\u00f3 su charla para despu\u00e9s del almuerzo.<\/p>\n<p style=\"text-align: justify;\">Llegaron las 14H y nuestra desesperaci\u00f3n al no contar con su presentaci\u00f3n en el sistema y menos con la presencia de Juan Carlos tuvimos que dar pase a la siguiente expositora.<\/p>\n<p style=\"text-align: justify;\">Durante la presentaci\u00f3n de conchas y moluscos del mar peruano, alrededor de las 15H20 observamos como la puerta de la sala se abr\u00eda violentamente, dando paso a un grupo muy animado de participantes entre los que se encontraba Juan Carlos. El malestar se pudo notar en cada miembro del comit\u00e9 acad\u00e9mico encargado del programa del evento, evidenci\u00e1ndose en la expresi\u00f3n y en algunos casos gesticulando frases desconocidas en diferentes idiomas.<\/p>\n<figure id=\"attachment_8244\" aria-describedby=\"caption-attachment-8244\" style=\"width: 462px\" class=\"wp-caption aligncenter\"><img loading=\"lazy\" class=\"wp-image-8244 size-full\" src=\"https:\/\/www.cientificos.pe\/wp-content\/uploads\/2023\/07\/cuando-llegas-tarde-toledo-1.png\" alt=\"\" width=\"462\" height=\"260\" srcset=\"https:\/\/www.cientificos.pe\/wp-content\/uploads\/2023\/07\/cuando-llegas-tarde-toledo-1.png 462w, https:\/\/www.cientificos.pe\/wp-content\/uploads\/2023\/07\/cuando-llegas-tarde-toledo-1-300x169.png 300w\" sizes=\"(max-width: 462px) 100vw, 462px\" \/><figcaption id=\"caption-attachment-8244\" class=\"wp-caption-text\">Cuando llegas tarde y ya empez\u00f3 la conferencia<\/figcaption><\/figure>\n<p style=\"text-align: justify;\">Luego de la entrada triunfal, Juan Carlos se acerc\u00f3 a la mesa principal delante del auditorio, sac\u00f3 de su mochila una laptop Toshiba tan gruesa que caus\u00f3 el asombro de varios de los participantes, al mismo tiempo que met\u00eda la mano en el bolsillo y sacaba un USB el cual levant\u00f3 hacia el infinito entreg\u00e1ndolo al encargado de la guardar las diapositivas de los presentadores. Una se\u00f1al de negaci\u00f3n desde el fondo de la sala indicaba que ya era demasiado tarde para Juan Carlos.<\/p>\n<p style=\"text-align: justify;\">Los organizadores en mesa, muy sorprendidos por la Concha de Megalobulimus peruana y su contaminaci\u00f3n, no ten\u00edan tiempo para darle explicaciones a Juan Carlos, por m\u00e1s que atribuyera su tardanza a la demora en la entrega de los piscos sours durante el almuerzo.<\/p>\n<p style=\"text-align: justify;\">No pudo exponer, no sabemos si cont\u00f3 alguna historia distinta a su regreso a Per\u00fa, pero de lo que s\u00ed estamos seguros es que las malas costumbres nos mantienen en el subdesarrollo. No tenemos pruebas, pero tampoco dudas.<\/p>\n<p>FIN<\/p>\n<p>Asi llegamos al final de primeros de los relatos salvajes, edici\u00f3n conferencias cient\u00edficas.<\/p>\n<p>Nahuel Monteblanco, PhD.<\/p>\n<figure id=\"attachment_7381\" aria-describedby=\"caption-attachment-7381\" style=\"width: 171px\" class=\"wp-caption alignnone\"><img loading=\"lazy\" class=\"wp-image-7381\" src=\"https:\/\/www.cientificos.pe\/wp-content\/uploads\/2021\/11\/Nahuel-new.jpg\" alt=\"\" width=\"171\" height=\"171\" srcset=\"https:\/\/www.cientificos.pe\/wp-content\/uploads\/2021\/11\/Nahuel-new.jpg 400w, https:\/\/www.cientificos.pe\/wp-content\/uploads\/2021\/11\/Nahuel-new-300x300.jpg 300w, https:\/\/www.cientificos.pe\/wp-content\/uploads\/2021\/11\/Nahuel-new-150x150.jpg 150w\" sizes=\"(max-width: 171px) 100vw, 171px\" \/><figcaption id=\"caption-attachment-7381\" class=\"wp-caption-text\">@nmonteblanco<\/figcaption><\/figure>\n<p>&nbsp;<\/p>\n","protected":false},"excerpt":{"rendered":"<p>&nbsp; Lleg\u00f3 el verano de la mano de un fen\u00f3meno del ni\u00f1o global y con \u00e9l tambi\u00e9n los congresos y reuniones cient\u00edficas. Participar nos involucra a todos los que trabajamos alrededor de la creaci\u00f3n de conocimiento, que no es lo mismo que la creaci\u00f3n de contenido. (No te olvides dejar un Me Gusta y seguir [&hellip;]<\/p>\n","protected":false},"author":5,"featured_media":8266,"comment_status":"open","ping_status":"open","sticky":false,"template":"","format":"standard","meta":[],"categories":[19,141],"tags":[20,122,72,51,109,406],"_links":{"self":[{"href":"https:\/\/www.cientificos.pe\/index.php?rest_route=\/wp\/v2\/posts\/8242"}],"collection":[{"href":"https:\/\/www.cientificos.pe\/index.php?rest_route=\/wp\/v2\/posts"}],"about":[{"href":"https:\/\/www.cientificos.pe\/index.php?rest_route=\/wp\/v2\/types\/post"}],"author":[{"embeddable":true,"href":"https:\/\/www.cientificos.pe\/index.php?rest_route=\/wp\/v2\/users\/5"}],"replies":[{"embeddable":true,"href":"https:\/\/www.cientificos.pe\/index.php?rest_route=%2Fwp%2Fv2%2Fcomments&post=8242"}],"version-history":[{"count":22,"href":"https:\/\/www.cientificos.pe\/index.php?rest_route=\/wp\/v2\/posts\/8242\/revisions"}],"predecessor-version":[{"id":8256,"href":"https:\/\/www.cientificos.pe\/index.php?rest_route=\/wp\/v2\/posts\/8242\/revisions\/8256"}],"wp:featuredmedia":[{"embeddable":true,"href":"https:\/\/www.cientificos.pe\/index.php?rest_route=\/wp\/v2\/media\/8266"}],"wp:attachment":[{"href":"https:\/\/www.cientificos.pe\/index.php?rest_route=%2Fwp%2Fv2%2Fmedia&parent=8242"}],"wp:term":[{"taxonomy":"category","embeddable":true,"href":"https:\/\/www.cientificos.pe\/index.php?rest_route=%2Fwp%2Fv2%2Fcategories&post=8242"},{"taxonomy":"post_tag","embeddable":true,"href":"https:\/\/www.cientificos.pe\/index.php?rest_route=%2Fwp%2Fv2%2Ftags&post=8242"}],"curies":[{"name":"wp","href":"https:\/\/api.w.org\/{rel}","templated":true}]}}