{"id":8643,"date":"2024-04-11T14:45:59","date_gmt":"2024-04-11T14:45:59","guid":{"rendered":"https:\/\/www.cientificos.pe\/?p=8643"},"modified":"2024-04-12T11:44:02","modified_gmt":"2024-04-12T11:44:02","slug":"carta-a-papa-noel-quien-sera-el-proximo-presidente-de-concytec","status":"publish","type":"post","link":"https:\/\/www.cientificos.pe\/?p=8643","title":{"rendered":"Carta a Pap\u00e1 No\u00ebl\u00a0&#8211;  \u00bfQui\u00e9n ser\u00e1 el pr\u00f3ximo presidente de CONCYTEC?"},"content":{"rendered":"<p>&nbsp;<\/p>\n<p style=\"text-align: justify;\"><span style=\"font-weight: 400;\">Querido pap\u00e1 No\u00ebl, ya te debes haber enterado de la situaci\u00f3n. El gobierno cambi\u00f3 el proceso de elecci\u00f3n del presidente de Concytec y ahora lo va elegir la presidencia del\u00a0 consejo de ministros (casi a dedo creo). \u00bfQu\u00e9 saben de Ciencia, Tecnolog\u00eda e Innovaci\u00f3n?, (\u00bfQu\u00e9 saben?) \u00bfQu\u00e9 est\u00e1n buscando ahora, luego de destruir la reforma de la educaci\u00f3n?, <em><strong>\u00bfPor qu\u00e9 la comunidad cient\u00edfica y universitaria no se ha pronunciado en\u00e9rgicamente?<\/strong><\/em> A veces pienso que nos merecemos esta situaci\u00f3n por mantenernos indiferentes, me incluyo porsupuesto.\u00a0<\/span><\/p>\n<p style=\"text-align: justify;\"><span style=\"font-weight: 400;\">Por mi lado soy consciente que este a\u00f1o no he sido un buen cient\u00edfico. He tenido que recursearme y trabajar fuera del \u00e1mbito acad\u00e9mico, fue necesario para poder comprar alguno insumos que nos han hecho falta en el laboratorio, para mi trabajo y para los tesistas. Espero me entiendas,\u00a0 ser postdoc en el Per\u00f9 es complicado.\u00a0<\/span><\/p>\n<p style=\"text-align: justify;\"><span style=\"font-weight: 400;\">Me animo a escribirte pues he sabido desde hace poco de tu accionar. En la facultad de ciencias de la Universidad en la que trabajo, se llev\u00f3 a cabo un congreso cient\u00edfico internacional, en donde presenci\u00e9 una charla sobre c\u00f3mo la ciencia ha probado que existes (entre otros personajes). Era obvio, tanta gente escribiendote cada a\u00f1o deb\u00eda ser por algo. Te soy honesto, dud\u00e9 entre escribirte o pedirle un deseo a Santa Rosa de Lima. As\u00ed que aqu\u00ed me tienes, en el paradero de la avenida Tacna aprovechando la cola del metropolitano (que por ahora es m\u00e1s corta que la del pozo de los deseos) para empezar esta carta y pedirte que como regalo adelantado de navidad nos traigas un nuev@ presidente de CONCYTEC.\u00a0<\/span><\/p>\n<figure id=\"attachment_8660\" aria-describedby=\"caption-attachment-8660\" style=\"width: 538px\" class=\"wp-caption aligncenter\"><img loading=\"lazy\" class=\"wp-image-8660\" src=\"https:\/\/www.cientificos.pe\/wp-content\/uploads\/2024\/04\/Image2.png\" alt=\"\" width=\"538\" height=\"668\" srcset=\"https:\/\/www.cientificos.pe\/wp-content\/uploads\/2024\/04\/Image2.png 553w, https:\/\/www.cientificos.pe\/wp-content\/uploads\/2024\/04\/Image2-241x300.png 241w, https:\/\/www.cientificos.pe\/wp-content\/uploads\/2024\/04\/Image2-338x420.png 338w\" sizes=\"(max-width: 538px) 100vw, 538px\" \/><figcaption id=\"caption-attachment-8660\" class=\"wp-caption-text\">Cronograma modificado el 10\/04\/2024<\/figcaption><\/figure>\n<p style=\"text-align: justify;\"><span style=\"font-weight: 400;\">S\u00e9 que no es tan f\u00e1cil, pero me atrevo a enviarte la lista con las caracter\u00edsticas que deber\u00eda cumplir el nuev@ presidente, desde la humildad de alguien que desea lo mejor para la ciencia y educaci\u00f3n del Per\u00fa. <\/span><span style=\"font-weight: 400;\">S\u00e9 que no hay un perfil perfecto, pero <strong>tampoco me env\u00edes cualquier cosa por favor<\/strong>. No te olvides de la espectativa que tenemos desde comunidad cient\u00edfica peruana y su di\u00e1spora.<\/span><\/p>\n<ul style=\"text-align: justify;\">\n<li style=\"font-weight: 400;\" aria-level=\"1\"><span style=\"font-weight: 400;\">Deseo que el pr\u00f3ximo presidente de Concytec tenga a\u00f1os de experiencia en investigaci\u00f3n (PhD, postdocs, etc) pues es fundamental que conozca el sistema de CTI peruano (y el de pa\u00edses mucho m\u00e1s desarrollados), que conozca de sus ventajas,\u00a0 falencias y limitaciones. Que no solo tenga experiencia de escritorio, y que su experiencia no sea solo a\u00f1os trabajando desde una oficina escribiendo posibles soluciones a los problemas como la falta de presupuesto, de inter\u00e9s de la sociedad en temas de CTI o sobre inestabilidad laboral de los investigadores. La inestabilidad laboral hay que vivirla para buscar solucionarla.<\/span><\/li>\n<li style=\"font-weight: 400;\" aria-level=\"1\"><span style=\"font-weight: 400;\">Que la experiencia en investigaci\u00f3n sea coherente con una carrera en investigaci\u00f3n, y no una suma de investigaciones para llenar el CV o ser parte de RENACYT. No es necesario que sea el mejor en su \u00e1rea de investigaci\u00f3n, si fuera este el caso nos ayudar\u00eda m\u00e1s continuando en el laboratorio.<\/span><\/li>\n<li style=\"font-weight: 400;\" aria-level=\"1\"><span style=\"font-weight: 400;\">Que tenga claro qu\u00e9 necesidades tiene el Per\u00fa como base para construir un sistema de CTI acorde con necesidades propias. Esto no debe dejar de lado el apoyo a la ciencia b\u00e1sica, aplicada y desarrollos tecnol\u00f3gicos en general.\u00a0<\/span><\/li>\n<li style=\"font-weight: 400;\" aria-level=\"1\"><span style=\"font-weight: 400;\">Me gustar\u00eda que quien asuma la presidencia tenga una posici\u00f3n clara, p\u00fablica y un plan de trabajo con respecto a:<\/span>\n<ul>\n<li style=\"font-weight: 400;\" aria-level=\"2\"><span style=\"font-weight: 400;\">La inexistencia de la carrera del investigador, resultando en la precariedad e inestabilidad laboral de investigadores y postdocs.<\/span><\/li>\n<li style=\"font-weight: 400;\" aria-level=\"2\"><span style=\"font-weight: 400;\">Repatriaci\u00f3n de investigadores para generar y potenciar nuevas l\u00edneas de investigaci\u00f3n.<\/span><\/li>\n<li style=\"font-weight: 400;\" aria-level=\"2\"><span style=\"font-weight: 400;\">Estrategia de formaci\u00f3n e incorporaci\u00f3n de RRHH calificados, adem\u00e1s oponerse con fundamento a la endogamia en nuestras casas de estudios.\u00a0<\/span><\/li>\n<li style=\"font-weight: 400;\" aria-level=\"2\"><span style=\"font-weight: 400;\">Los pr\u00e9stamos para CTI que condicionan su uso a recomendaciones for\u00e1neas sin tomar en cuenta la realidad de nuestro sistema.<\/span><\/li>\n<li><span style=\"font-weight: 400;\">La importancia del fomento de la CTI y la educaci\u00f3n de calidad.<\/span><\/li>\n<li><strong>Como asume el Per\u00fa temas como el cambio clim\u00e1tico, la digitalizaci\u00f3n, la IA, transg\u00e9nicos en la agricultura, etc.<\/strong><\/li>\n<\/ul>\n<\/li>\n<\/ul>\n<figure id=\"attachment_8659\" aria-describedby=\"caption-attachment-8659\" style=\"width: 443px\" class=\"wp-caption aligncenter\"><img loading=\"lazy\" class=\"wp-image-8659\" style=\"text-align: start;\" src=\"https:\/\/www.cientificos.pe\/wp-content\/uploads\/2024\/04\/Image1.png\" alt=\"\" width=\"443\" height=\"478\" srcset=\"https:\/\/www.cientificos.pe\/wp-content\/uploads\/2024\/04\/Image1.png 560w, https:\/\/www.cientificos.pe\/wp-content\/uploads\/2024\/04\/Image1-278x300.png 278w, https:\/\/www.cientificos.pe\/wp-content\/uploads\/2024\/04\/Image1-389x420.png 389w\" sizes=\"(max-width: 443px) 100vw, 443px\" \/><figcaption id=\"caption-attachment-8659\" class=\"wp-caption-text\">Lista de postulantes<\/figcaption><\/figure>\n<ul>\n<li style=\"font-weight: 400; text-align: justify;\" aria-level=\"1\"><span style=\"font-weight: 400;\">Deseo que adem\u00e1s de la experiencia en investigaci\u00f3n tenga a\u00f1os de experiencia en gesti\u00f3n (dirigiendo instituciones relacionadas a la CTI o educaci\u00f3n). Conocer el estado y las limitaciones que tendr\u00e1 el nuevo cargo son importantes. No podr\u00e1 planificar ni ejecutar un plan de trabajo si no conoce c\u00f3mo funciona el estado.\u00a0<\/span><\/li>\n<li style=\"font-weight: 400; text-align: justify;\" aria-level=\"1\"><span style=\"font-weight: 400;\">Que pueda organizar y\/o coordinar con los institutos de investigaci\u00f3n la visi\u00f3n de trabajo y desarrollo en conjunto. No es posible que todos tengan sus propias normas y procedimientos para manejar la CTI.<\/span><\/li>\n<li style=\"font-weight: 400; text-align: justify;\" aria-level=\"1\"><span style=\"font-weight: 400;\">Que no se tengan dudas de su integridad moral y \u00e9tica durante su carrera profesional en el campo de la investigaci\u00f3n y de la gesti\u00f3n.\u00a0<\/span><\/li>\n<li style=\"font-weight: 400; text-align: justify;\" aria-level=\"1\"><span style=\"font-weight: 400;\">Que no tenga intereses particulares y no dude en enfrentarse a los lobbies de la educaci\u00f3n, la salud, medio ambiente, etc con el arma de la evidencia cient\u00edfica y buscando lo mejor para nuestro pa\u00eds y las futuras generaciones de investigadores. <strong>Que no le deba nada a nadie.<\/strong><\/span><\/li>\n<li style=\"font-weight: 400; text-align: justify;\" aria-level=\"1\"><span style=\"font-weight: 400;\">Que tenga adem\u00e1s la convicci\u00f3n de utilizar la evidencia cient\u00edfica para defender a la sociedad, por encima de posiciones pol\u00edticas de turno como la destrucci\u00f3n del sistema educativo tomado por la mediocridad, dogmas religiosos, pseudociencia y estafadores. Que no le tiemble la mano para sancionar a sus amigos y colegas. <strong>Que no tenga Rolex de dudosa procedencia.\u00a0<\/strong><\/span><\/li>\n<li style=\"font-weight: 400; text-align: justify;\" aria-level=\"1\"><span style=\"font-weight: 400;\">Que sea el motor para luchar contra las malas pr\u00e1cticas cient\u00edficas y acad\u00e9micas junto con (y a pesar de) instituciones y organismos del estado como minedu, sunedu, congreso, universidades, pcm, etc.\u00a0<\/span><\/li>\n<li style=\"font-weight: 400; text-align: justify;\" aria-level=\"1\"><span style=\"font-weight: 400;\">Debe conocer y plantear soluciones para los siguientes problemas:<\/span>\n<ul>\n<li style=\"font-weight: 400;\" aria-level=\"2\"><span style=\"font-weight: 400;\">Caso de las granjas de art\u00edculos cient\u00edficos. Compra y venta de coautor\u00edas en art\u00edculos, libros y patentes.\u00a0<\/span><\/li>\n<li style=\"font-weight: 400;\" aria-level=\"2\"><span style=\"font-weight: 400;\"><strong>Mal funcionamiento de RENACYT, pues malos elementos han buscado formas poco \u00e9ticas de pertenecer a \u00e9l para obtener bonos econ\u00f3micos<\/strong>.<\/span><\/li>\n<li style=\"font-weight: 400;\" aria-level=\"2\"><span style=\"font-weight: 400;\">Venta del servicio de escritura de tesis por empresas e inacci\u00f3n de las autoridades universitarias y en el ambito de la educaci\u00f3n.<\/span><\/li>\n<\/ul>\n<\/li>\n<li style=\"text-align: justify;\"><span style=\"font-weight: 400;\">Que tenga la capacidad de posicionar al Per\u00fa en sistemas de CTI alrededor del mundo, para ser parte de \u00e9l y no seguir aislados redescubriendo la p\u00f3lvora.\u00a0<\/span><\/li>\n<li style=\"text-align: justify;\"><span style=\"font-weight: 400;\">Que no se limite a pensar que invertir en ciencia es como invertir en la compra y venta de productos con rentabilidad a corto plazo.\u00a0<\/span><\/li>\n<\/ul>\n<p style=\"text-align: justify;\"><span style=\"font-weight: 400;\">S\u00e9 lo que est\u00e1s pensando querido papa No\u00ebl, har\u00e9 la cola del pozo tambi\u00e9n, tal vez este regalo requiera un poco de ayuda de Santa Rosa.<\/span><\/p>\n<p style=\"text-align: justify;\"><span style=\"font-weight: 400;\">Nahuel Monteblanco, PhD. <\/span><\/p>\n","protected":false},"excerpt":{"rendered":"<p>&nbsp; Querido pap\u00e1 No\u00ebl, ya te debes haber enterado de la situaci\u00f3n. El gobierno cambi\u00f3 el proceso de elecci\u00f3n del presidente de Concytec y ahora lo va elegir la presidencia del\u00a0 consejo de ministros (casi a dedo creo). \u00bfQu\u00e9 saben de Ciencia, Tecnolog\u00eda e Innovaci\u00f3n?, (\u00bfQu\u00e9 saben?) \u00bfQu\u00e9 est\u00e1n buscando ahora, luego de destruir la [&hellip;]<\/p>\n","protected":false},"author":5,"featured_media":8666,"comment_status":"open","ping_status":"open","sticky":false,"template":"","format":"standard","meta":[],"categories":[19,60],"tags":[],"_links":{"self":[{"href":"https:\/\/www.cientificos.pe\/index.php?rest_route=\/wp\/v2\/posts\/8643"}],"collection":[{"href":"https:\/\/www.cientificos.pe\/index.php?rest_route=\/wp\/v2\/posts"}],"about":[{"href":"https:\/\/www.cientificos.pe\/index.php?rest_route=\/wp\/v2\/types\/post"}],"author":[{"embeddable":true,"href":"https:\/\/www.cientificos.pe\/index.php?rest_route=\/wp\/v2\/users\/5"}],"replies":[{"embeddable":true,"href":"https:\/\/www.cientificos.pe\/index.php?rest_route=%2Fwp%2Fv2%2Fcomments&post=8643"}],"version-history":[{"count":44,"href":"https:\/\/www.cientificos.pe\/index.php?rest_route=\/wp\/v2\/posts\/8643\/revisions"}],"predecessor-version":[{"id":8694,"href":"https:\/\/www.cientificos.pe\/index.php?rest_route=\/wp\/v2\/posts\/8643\/revisions\/8694"}],"wp:featuredmedia":[{"embeddable":true,"href":"https:\/\/www.cientificos.pe\/index.php?rest_route=\/wp\/v2\/media\/8666"}],"wp:attachment":[{"href":"https:\/\/www.cientificos.pe\/index.php?rest_route=%2Fwp%2Fv2%2Fmedia&parent=8643"}],"wp:term":[{"taxonomy":"category","embeddable":true,"href":"https:\/\/www.cientificos.pe\/index.php?rest_route=%2Fwp%2Fv2%2Fcategories&post=8643"},{"taxonomy":"post_tag","embeddable":true,"href":"https:\/\/www.cientificos.pe\/index.php?rest_route=%2Fwp%2Fv2%2Ftags&post=8643"}],"curies":[{"name":"wp","href":"https:\/\/api.w.org\/{rel}","templated":true}]}}