{"id":8696,"date":"2024-04-20T17:46:24","date_gmt":"2024-04-20T17:46:24","guid":{"rendered":"https:\/\/www.cientificos.pe\/?p=8696"},"modified":"2024-04-23T12:12:43","modified_gmt":"2024-04-23T12:12:43","slug":"la-fisica-cuantica-es-extraordinario","status":"publish","type":"post","link":"https:\/\/www.cientificos.pe\/?p=8696","title":{"rendered":"La f\u00edsica cu\u00e1ntica es extraordinaria!"},"content":{"rendered":"<p>Esta semana hablamos con Joan C\u00e1ceres. Joan, <span lang=\"ES\">natal de Lima, Per\u00fa, empez\u00f3 sus estudios en Ingenier\u00eda Industrial en la Universidad Nacional de Ingenier\u00eda, Per\u00fa, pero posteriormente se traslad\u00f3 a F\u00edsica. En 2019 fue aceptado en el Instituto Balseiro, Argentina, donde finaliz\u00f3 sus estudios de pregrado en f\u00edsica y tambi\u00e9n realiz\u00f3 su maestr\u00eda en f\u00edsica cu\u00e1ntica. Actualmente se encuentra cursando su doctorado en la universidad Paris Saclay, Francia, donde trabaja en circuitos cu\u00e1nticos superconductores. <\/span><\/p>\n<p><span lang=\"ES\">En esta entrevista. Joan nos contar\u00e1 c\u00f3mo fue su decisi\u00f3n de trasladarse de una ingenier\u00eda a f\u00edsica, la experiencia de empezar una nueva carrera a una edad considerada \u201ctard\u00eda\u201d, y como van los avances de la f\u00edsica cu\u00e1ntica, incluyendo su aplicabilidad en la industria.<\/span><\/p>\n<p>Los invitamos a ver la entrevista completa en el canal de YouTube de Los Caminos de Feynman o en Spotify, y seguirnos en nuestras redes sociales:<\/p>\n<ul>\n<li>YouTube: https:\/\/youtu.be\/xooVAtXJzQw?si=6UWiUqSbN5Jb-2Qf<\/li>\n<li>Spotify: https:\/\/open.spotify.com\/episode\/4TxBNGKaHKI3xtHZbuyoTW?si=d003aa7de50844ff<\/li>\n<li>Instagram: https:\/\/www.instagram.com\/caminos.feynman\/<\/li>\n<li>Facebook: https:\/\/www.facebook.com\/caminos.feynman<\/li>\n<\/ul>\n<p><iframe title=\"Spotify Embed: Ep 03 - Computaci\u00f3n Cu\u00e1ntica en Francia, Joan C\u00e1ceres\" style=\"border-radius: 12px\" width=\"100%\" height=\"152\" frameborder=\"0\" allowfullscreen allow=\"autoplay; clipboard-write; encrypted-media; fullscreen; picture-in-picture\" loading=\"lazy\" src=\"https:\/\/open.spotify.com\/embed\/episode\/4TxBNGKaHKI3xtHZbuyoTW?si=d003aa7de50844ff&#038;utm_source=oembed\"><\/iframe><\/p>\n<div class=\"epyt-video-wrapper\"><iframe  style=\"display: block; margin: 0px auto;\"  id=\"_ytid_37767\"  width=\"640\" height=\"360\"  data-origwidth=\"640\" data-origheight=\"360\"  data-relstop=\"1\" src=\"https:\/\/www.youtube.com\/embed\/xooVAtXJzQw?enablejsapi=1&autoplay=0&cc_load_policy=0&cc_lang_pref=&iv_load_policy=1&loop=0&modestbranding=1&rel=0&fs=1&playsinline=0&autohide=2&hl=es_PE&theme=dark&color=red&controls=1&\" class=\"__youtube_prefs__  no-lazyload\" title=\"Computaci\u00f3n Cu\u00e1ntica en Francia - Entrevista a Joan C\u00e1ceres\"  allow=\"fullscreen; accelerometer; autoplay; clipboard-write; encrypted-media; gyroscope; picture-in-picture\" allowfullscreen data-no-lazy=\"1\" data-skipgform_ajax_framebjll=\"\"><\/iframe><\/div>\n","protected":false},"excerpt":{"rendered":"<p>Esta semana hablamos con Joan C\u00e1ceres. Joan, natal de Lima, Per\u00fa, empez\u00f3 sus estudios en Ingenier\u00eda Industrial en la Universidad Nacional de Ingenier\u00eda, Per\u00fa, pero posteriormente se traslad\u00f3 a F\u00edsica. En 2019 fue aceptado en el Instituto Balseiro, Argentina, donde finaliz\u00f3 sus estudios de pregrado en f\u00edsica y tambi\u00e9n realiz\u00f3 su maestr\u00eda en f\u00edsica cu\u00e1ntica. [&hellip;]<\/p>\n","protected":false},"author":12,"featured_media":8701,"comment_status":"open","ping_status":"open","sticky":false,"template":"","format":"standard","meta":[],"categories":[19,29,26,230,115],"tags":[],"_links":{"self":[{"href":"https:\/\/www.cientificos.pe\/index.php?rest_route=\/wp\/v2\/posts\/8696"}],"collection":[{"href":"https:\/\/www.cientificos.pe\/index.php?rest_route=\/wp\/v2\/posts"}],"about":[{"href":"https:\/\/www.cientificos.pe\/index.php?rest_route=\/wp\/v2\/types\/post"}],"author":[{"embeddable":true,"href":"https:\/\/www.cientificos.pe\/index.php?rest_route=\/wp\/v2\/users\/12"}],"replies":[{"embeddable":true,"href":"https:\/\/www.cientificos.pe\/index.php?rest_route=%2Fwp%2Fv2%2Fcomments&post=8696"}],"version-history":[{"count":2,"href":"https:\/\/www.cientificos.pe\/index.php?rest_route=\/wp\/v2\/posts\/8696\/revisions"}],"predecessor-version":[{"id":8702,"href":"https:\/\/www.cientificos.pe\/index.php?rest_route=\/wp\/v2\/posts\/8696\/revisions\/8702"}],"wp:featuredmedia":[{"embeddable":true,"href":"https:\/\/www.cientificos.pe\/index.php?rest_route=\/wp\/v2\/media\/8701"}],"wp:attachment":[{"href":"https:\/\/www.cientificos.pe\/index.php?rest_route=%2Fwp%2Fv2%2Fmedia&parent=8696"}],"wp:term":[{"taxonomy":"category","embeddable":true,"href":"https:\/\/www.cientificos.pe\/index.php?rest_route=%2Fwp%2Fv2%2Fcategories&post=8696"},{"taxonomy":"post_tag","embeddable":true,"href":"https:\/\/www.cientificos.pe\/index.php?rest_route=%2Fwp%2Fv2%2Ftags&post=8696"}],"curies":[{"name":"wp","href":"https:\/\/api.w.org\/{rel}","templated":true}]}}